{"id":12102,"date":"2016-03-03T02:05:25","date_gmt":"2016-03-03T02:05:25","guid":{"rendered":"http:\/\/www.pricepony.co\/blog\/?p=12102"},"modified":"2016-03-03T02:05:25","modified_gmt":"2016-03-03T02:05:25","slug":"samsung-galaxy-nota-6-al-ser-el-primer-smartphone-con-256-gb-de-almacenamiento-interno","status":"publish","type":"post","link":"https:\/\/www.pricepony.co\/blog\/samsung-galaxy-nota-6-al-ser-el-primer-smartphone-con-256-gb-de-almacenamiento-interno\/","title":{"rendered":"Samsung Galaxy Nota 6 al ser el primer smartphone con 256 GB de almacenamiento interno"},"content":{"rendered":"<div class=\"c7dbaaac4b7db479fbcf8dd8a0e17e48\" data-index=\"1\" style=\"float: none; margin:10px 0 10px 0; text-align:center;\">\n<!-- Top Banner PH NEW -->\r\n<ins class=\"adsbygoogle\"\r\n     style=\"display:inline-block;width:728px;height:90px\"\r\n     data-ad-client=\"ca-pub-4796993490224996\"\r\n     data-ad-slot=\"9195989669\"><\/ins>\r\n<script>(adsbygoogle = window.adsbygoogle || []).push({});<\/script>\n<\/div>\n<p><strong>Recientemente, Samsung ha anunciado sus planes para la producci\u00f3n en masa de un enorme 256 GB chip de memoria. Y parece que Samsung Galaxy Nota 6 ser\u00e1 el primer smartphone de&#8230;<\/strong><\/p><center><!-- \/69139267\/pricepony\/\/co\/\/top-ad -->\r\n<div id='div-gpt-ad-1497747800626-0' style='height:90px; width:728px;'>\r\n<script>\r\ngoogletag.cmd.push(function() { googletag.display('div-gpt-ad-1497747800626-0'); });\r\n<\/script>\r\n<\/div><\/center><\/p>\n<p><img decoding=\"async\" loading=\"lazy\" class=\"aligncenter wp-image-14316\" src=\"data:image\/gif;base64,R0lGODlhAQABAIAAAAAAAP\/\/\/yH5BAEAAAAALAAAAAABAAEAAAIBRAA7\" data-src=\"http:\/\/www.pricepony.com.ph\/blog\/wp-content\/uploads\/2016\/02\/1503853_865082860203193_1879992943268835396_n.jpg\" alt=\"1503853_865082860203193_1879992943268835396_n\" width=\"442\" height=\"250\" \/ \/><\/p>\n<h3><strong>\u00bfSamsung Galaxy nota 6: 1 smartphone con 256GB de almacenamiento interno?<\/strong><\/h3>\n<p>\u00bfEs usted un usuario de smartphone anhelar para un smartphone con construir-en memoria m\u00e1xima? \u00bfY el actual Ganador 128GB de almacenamiento interno de Asus no es suficiente para impresionarte? Esperar, porque uno de los principales productores de memoria flash \u2013 Samsung \u2013 acaba de hacer si chips oficial acerca de su producci\u00f3n en masa para UFS 2.0 memoria de 256GB. Esta nueva innovaci\u00f3n parece dirigido a smartphones de gama alta en un futuro cercano. Y su buque insignia Galaxy nota 6 no es en absoluto fuera de juego.<\/p>\n<p>Hablando de Samsung el nuevo chip de memoria, hizo una muy buena impresi\u00f3n de muchos usuarios. Descrito como \u00abcambio de paradigma\u00bb, el chip puede gestionar hasta 45.000 y 40.000 operaci\u00f3n de entrada\/salida por segundo (IOPS). Este chip tiene una velocidad de transferencia de datos de hasta 850MB\/s para lectura y 260MP\/s de escritura. En otras palabras, para que sea m\u00e1s f\u00e1cil de comprender, el nuevo 256 GB de memoria chip va de 3 veces m\u00e1s r\u00e1pido que cualquier alto rendimiento tarjetas micro SD que sabemos por ahora.<\/p><center><!-- \/69139267\/pricepony\/\/co\/\/middle-ad-desktop-1 -->\r\n<div id='div-gpt-ad-1497753531996-0' style='height:280px; width:336px;' class=\"dfp-slot-inline\">\r\n<script>\r\ngoogletag.cmd.push(function() { googletag.display('div-gpt-ad-1497753531996-0'); });\r\n<\/script>\r\n<\/div>\r\n\r\n<!-- \/69139267\/pricepony\/\/co\/\/middle-desktop-2 -->\r\n<div id='div-gpt-ad-1497753467527-0' style='height:280px; width:336px;' class=\"dfp-slot-inline\">\r\n<script>\r\ngoogletag.cmd.push(function() { googletag.display('div-gpt-ad-1497753467527-0'); });\r\n<\/script>\r\n<\/div><\/center><\/p>\n<p><img decoding=\"async\" loading=\"lazy\" class=\"aligncenter wp-image-14323\" src=\"data:image\/gif;base64,R0lGODlhAQABAIAAAAAAAP\/\/\/yH5BAEAAAAALAAAAAABAAEAAAIBRAA7\" data-src=\"http:\/\/www.pricepony.com.ph\/blog\/wp-content\/uploads\/2016\/02\/r\u01a1i.jpg\" alt=\"r\u01a1i\" width=\"498\" height=\"250\" \/ \/><\/p>\n<p>Para concluir, de acuerdo con la informaci\u00f3n que recibimos acerca de Samsung de 256 GB chip, que no s\u00f3lo ofrece un gran espacio para almacenamiento de medios, sino que tambi\u00e9n tiene una rapidez asombrosa velocidad de trabajo que se va a ejecutar super sin problemas en cualquier smartphone de gama alta con el chip, y que superan a cualquier tarjeta microSD en el mercado hasta la fecha.<\/p>\n<h3><strong>Samsung Galaxy Nota 6 + 256 GB chip = bestia<\/strong><\/h3>\n<p>Por lo que sabemos acerca de la Galaxia Nota 6 por parte de Samsung, que podr\u00eda ser el primer smartphone que crear el t\u00e9rmino t\u00e9cnico \u00abphabtop\u00bb y que en la vida real. Con la combinaci\u00f3n de 256 GB de memoria, el sistema Galaxy Nota 6, sin lugar a dudas, ser\u00e1 uno de los m\u00e1s atractivos dispositivos m\u00f3viles que todo el mundo estar\u00e1 so\u00f1ando.<\/p>\n\n<div style=\"font-size: 0px; height: 0px; line-height: 0px; margin: 0; padding: 0; clear: both;\"><\/div><center><!-- \/69139267\/pricepony\/\/co\/\/bottom-ad-desktop -->\r\n<div id='div-gpt-ad-1497753376271-0' style='height:280px; width:336px;'>\r\n<script>\r\ngoogletag.cmd.push(function() { googletag.display('div-gpt-ad-1497753376271-0'); });\r\n<\/script>\r\n<\/div><\/center>","protected":false},"excerpt":{"rendered":"<p>Recientemente, Samsung ha anunciado sus planes para la producci\u00f3n en masa de un enorme 256 GB chip de memoria. Y parece que Samsung Galaxy Nota 6 ser\u00e1 el primer smartphone de&#8230; \u00bfSamsung Galaxy nota 6: 1 smartphone con 256GB de almacenamiento interno? \u00bfEs usted un usuario de smartphone anhelar para un smartphone con construir-en memoria [&hellip;]<\/p>\n","protected":false},"author":1,"featured_media":12103,"comment_status":"open","ping_status":"open","sticky":false,"template":"","format":"standard","meta":[],"categories":[7],"tags":[10],"acf":[],"yoast_head":"<!-- This site is optimized with the Yoast SEO plugin v20.10 - https:\/\/yoast.com\/wordpress\/plugins\/seo\/ -->\n<title>Samsung Galaxy Nota 6 al ser el primer smartphone con 256 GB de almacenamiento interno - Price Pony<\/title>\n<meta name=\"description\" content=\"Recientemente, Samsung ha anunciado sus planes para la producci\u00f3n en masa de un enorme 256 GB chip de memoria. Y parece que Samsung Galaxy Nota 6 ser\u00e1 ...\" \/>\n<meta name=\"robots\" content=\"index, follow, max-snippet:-1, max-image-preview:large, max-video-preview:-1\" \/>\n<link rel=\"canonical\" href=\"https:\/\/www.pricepony.co\/blog\/samsung-galaxy-nota-6-al-ser-el-primer-smartphone-con-256-gb-de-almacenamiento-interno\/\" \/>\n<meta property=\"og:locale\" content=\"es_ES\" \/>\n<meta property=\"og:type\" content=\"article\" \/>\n<meta property=\"og:title\" content=\"Samsung Galaxy Nota 6 al ser el primer smartphone con 256 GB de almacenamiento interno - Price Pony\" \/>\n<meta property=\"og:description\" content=\"Recientemente, Samsung ha anunciado sus planes para la producci\u00f3n en masa de un enorme 256 GB chip de memoria. Y parece que Samsung Galaxy Nota 6 ser\u00e1 ...\" \/>\n<meta property=\"og:url\" content=\"https:\/\/www.pricepony.co\/blog\/samsung-galaxy-nota-6-al-ser-el-primer-smartphone-con-256-gb-de-almacenamiento-interno\/\" \/>\n<meta property=\"og:site_name\" content=\"Price Pony\" \/>\n<meta property=\"article:published_time\" content=\"2016-03-03T02:05:25+00:00\" \/>\n<meta property=\"og:image\" content=\"http:\/\/www.pricepony.co\/blog\/wp-content\/uploads\/2016\/03\/r\u01a1i.jpg\" \/>\n\t<meta property=\"og:image:width\" content=\"680\" \/>\n\t<meta property=\"og:image:height\" content=\"340\" \/>\n\t<meta property=\"og:image:type\" content=\"image\/jpeg\" \/>\n<meta name=\"author\" content=\"Chris Eilers\" \/>\n<meta name=\"twitter:card\" content=\"summary_large_image\" \/>\n<meta name=\"twitter:label1\" content=\"Written by\" \/>\n\t<meta name=\"twitter:data1\" content=\"Chris Eilers\" \/>\n\t<meta name=\"twitter:label2\" content=\"Est. reading time\" \/>\n\t<meta name=\"twitter:data2\" content=\"2 minutos\" \/>\n<script type=\"application\/ld+json\" class=\"yoast-schema-graph\">{\"@context\":\"https:\/\/schema.org\",\"@graph\":[{\"@type\":\"WebPage\",\"@id\":\"https:\/\/www.pricepony.co\/blog\/samsung-galaxy-nota-6-al-ser-el-primer-smartphone-con-256-gb-de-almacenamiento-interno\/\",\"url\":\"https:\/\/www.pricepony.co\/blog\/samsung-galaxy-nota-6-al-ser-el-primer-smartphone-con-256-gb-de-almacenamiento-interno\/\",\"name\":\"Samsung Galaxy Nota 6 al ser el primer smartphone con 256 GB de almacenamiento interno - Price Pony\",\"isPartOf\":{\"@id\":\"https:\/\/www.pricepony.co\/blog\/#website\"},\"datePublished\":\"2016-03-03T02:05:25+00:00\",\"dateModified\":\"2016-03-03T02:05:25+00:00\",\"author\":{\"@id\":\"https:\/\/www.pricepony.co\/blog\/#\/schema\/person\/c338807e08d2e0642a2680633342a0b6\"},\"description\":\"Recientemente, Samsung ha anunciado sus planes para la producci\u00f3n en masa de un enorme 256 GB chip de memoria. Y parece que Samsung Galaxy Nota 6 ser\u00e1 ...\",\"breadcrumb\":{\"@id\":\"https:\/\/www.pricepony.co\/blog\/samsung-galaxy-nota-6-al-ser-el-primer-smartphone-con-256-gb-de-almacenamiento-interno\/#breadcrumb\"},\"inLanguage\":\"es\",\"potentialAction\":[{\"@type\":\"ReadAction\",\"target\":[\"https:\/\/www.pricepony.co\/blog\/samsung-galaxy-nota-6-al-ser-el-primer-smartphone-con-256-gb-de-almacenamiento-interno\/\"]}]},{\"@type\":\"BreadcrumbList\",\"@id\":\"https:\/\/www.pricepony.co\/blog\/samsung-galaxy-nota-6-al-ser-el-primer-smartphone-con-256-gb-de-almacenamiento-interno\/#breadcrumb\",\"itemListElement\":[{\"@type\":\"ListItem\",\"position\":1,\"name\":\"Home\",\"item\":\"https:\/\/www.pricepony.co\/blog\/\"},{\"@type\":\"ListItem\",\"position\":2,\"name\":\"Samsung Galaxy Nota 6 al ser el primer smartphone con 256 GB de almacenamiento interno\"}]},{\"@type\":\"WebSite\",\"@id\":\"https:\/\/www.pricepony.co\/blog\/#website\",\"url\":\"https:\/\/www.pricepony.co\/blog\/\",\"name\":\"Price Pony\",\"description\":\"www.pricepony.co\",\"potentialAction\":[{\"@type\":\"SearchAction\",\"target\":{\"@type\":\"EntryPoint\",\"urlTemplate\":\"https:\/\/www.pricepony.co\/blog\/?s={search_term_string}\"},\"query-input\":\"required name=search_term_string\"}],\"inLanguage\":\"es\"},{\"@type\":\"Person\",\"@id\":\"https:\/\/www.pricepony.co\/blog\/#\/schema\/person\/c338807e08d2e0642a2680633342a0b6\",\"name\":\"Chris Eilers\",\"image\":{\"@type\":\"ImageObject\",\"inLanguage\":\"es\",\"@id\":\"https:\/\/www.pricepony.co\/blog\/#\/schema\/person\/image\/\",\"url\":\"https:\/\/secure.gravatar.com\/avatar\/b0e7458ba85153c845f5f5e8fb3f7881?s=96&d=mm&r=g\",\"contentUrl\":\"https:\/\/secure.gravatar.com\/avatar\/b0e7458ba85153c845f5f5e8fb3f7881?s=96&d=mm&r=g\",\"caption\":\"Chris Eilers\"},\"description\":\"Chris is an experienced Digital Marketer and Growth Hacker with work experience in Mckinsey Germany and Rocket Internet Asia. He is the CEO of Oizoioi Malaysia and actively engaged in the Startup Scene in South East Asia.\",\"url\":\"https:\/\/www.pricepony.co\/blog\/author\/admin\/\"}]}<\/script>\n<!-- \/ Yoast SEO plugin. -->","yoast_head_json":{"title":"Samsung Galaxy Nota 6 al ser el primer smartphone con 256 GB de almacenamiento interno - Price Pony","description":"Recientemente, Samsung ha anunciado sus planes para la producci\u00f3n en masa de un enorme 256 GB chip de memoria. Y parece que Samsung Galaxy Nota 6 ser\u00e1 ...","robots":{"index":"index","follow":"follow","max-snippet":"max-snippet:-1","max-image-preview":"max-image-preview:large","max-video-preview":"max-video-preview:-1"},"canonical":"https:\/\/www.pricepony.co\/blog\/samsung-galaxy-nota-6-al-ser-el-primer-smartphone-con-256-gb-de-almacenamiento-interno\/","og_locale":"es_ES","og_type":"article","og_title":"Samsung Galaxy Nota 6 al ser el primer smartphone con 256 GB de almacenamiento interno - Price Pony","og_description":"Recientemente, Samsung ha anunciado sus planes para la producci\u00f3n en masa de un enorme 256 GB chip de memoria. Y parece que Samsung Galaxy Nota 6 ser\u00e1 ...","og_url":"https:\/\/www.pricepony.co\/blog\/samsung-galaxy-nota-6-al-ser-el-primer-smartphone-con-256-gb-de-almacenamiento-interno\/","og_site_name":"Price Pony","article_published_time":"2016-03-03T02:05:25+00:00","og_image":[{"width":680,"height":340,"url":"http:\/\/www.pricepony.co\/blog\/wp-content\/uploads\/2016\/03\/r\u01a1i.jpg","type":"image\/jpeg"}],"author":"Chris Eilers","twitter_card":"summary_large_image","twitter_misc":{"Written by":"Chris Eilers","Est. reading time":"2 minutos"},"schema":{"@context":"https:\/\/schema.org","@graph":[{"@type":"WebPage","@id":"https:\/\/www.pricepony.co\/blog\/samsung-galaxy-nota-6-al-ser-el-primer-smartphone-con-256-gb-de-almacenamiento-interno\/","url":"https:\/\/www.pricepony.co\/blog\/samsung-galaxy-nota-6-al-ser-el-primer-smartphone-con-256-gb-de-almacenamiento-interno\/","name":"Samsung Galaxy Nota 6 al ser el primer smartphone con 256 GB de almacenamiento interno - Price Pony","isPartOf":{"@id":"https:\/\/www.pricepony.co\/blog\/#website"},"datePublished":"2016-03-03T02:05:25+00:00","dateModified":"2016-03-03T02:05:25+00:00","author":{"@id":"https:\/\/www.pricepony.co\/blog\/#\/schema\/person\/c338807e08d2e0642a2680633342a0b6"},"description":"Recientemente, Samsung ha anunciado sus planes para la producci\u00f3n en masa de un enorme 256 GB chip de memoria. Y parece que Samsung Galaxy Nota 6 ser\u00e1 ...","breadcrumb":{"@id":"https:\/\/www.pricepony.co\/blog\/samsung-galaxy-nota-6-al-ser-el-primer-smartphone-con-256-gb-de-almacenamiento-interno\/#breadcrumb"},"inLanguage":"es","potentialAction":[{"@type":"ReadAction","target":["https:\/\/www.pricepony.co\/blog\/samsung-galaxy-nota-6-al-ser-el-primer-smartphone-con-256-gb-de-almacenamiento-interno\/"]}]},{"@type":"BreadcrumbList","@id":"https:\/\/www.pricepony.co\/blog\/samsung-galaxy-nota-6-al-ser-el-primer-smartphone-con-256-gb-de-almacenamiento-interno\/#breadcrumb","itemListElement":[{"@type":"ListItem","position":1,"name":"Home","item":"https:\/\/www.pricepony.co\/blog\/"},{"@type":"ListItem","position":2,"name":"Samsung Galaxy Nota 6 al ser el primer smartphone con 256 GB de almacenamiento interno"}]},{"@type":"WebSite","@id":"https:\/\/www.pricepony.co\/blog\/#website","url":"https:\/\/www.pricepony.co\/blog\/","name":"Price Pony","description":"www.pricepony.co","potentialAction":[{"@type":"SearchAction","target":{"@type":"EntryPoint","urlTemplate":"https:\/\/www.pricepony.co\/blog\/?s={search_term_string}"},"query-input":"required name=search_term_string"}],"inLanguage":"es"},{"@type":"Person","@id":"https:\/\/www.pricepony.co\/blog\/#\/schema\/person\/c338807e08d2e0642a2680633342a0b6","name":"Chris Eilers","image":{"@type":"ImageObject","inLanguage":"es","@id":"https:\/\/www.pricepony.co\/blog\/#\/schema\/person\/image\/","url":"https:\/\/secure.gravatar.com\/avatar\/b0e7458ba85153c845f5f5e8fb3f7881?s=96&d=mm&r=g","contentUrl":"https:\/\/secure.gravatar.com\/avatar\/b0e7458ba85153c845f5f5e8fb3f7881?s=96&d=mm&r=g","caption":"Chris Eilers"},"description":"Chris is an experienced Digital Marketer and Growth Hacker with work experience in Mckinsey Germany and Rocket Internet Asia. He is the CEO of Oizoioi Malaysia and actively engaged in the Startup Scene in South East Asia.","url":"https:\/\/www.pricepony.co\/blog\/author\/admin\/"}]}},"_links":{"self":[{"href":"https:\/\/www.pricepony.co\/blog\/wp-json\/wp\/v2\/posts\/12102"}],"collection":[{"href":"https:\/\/www.pricepony.co\/blog\/wp-json\/wp\/v2\/posts"}],"about":[{"href":"https:\/\/www.pricepony.co\/blog\/wp-json\/wp\/v2\/types\/post"}],"author":[{"embeddable":true,"href":"https:\/\/www.pricepony.co\/blog\/wp-json\/wp\/v2\/users\/1"}],"replies":[{"embeddable":true,"href":"https:\/\/www.pricepony.co\/blog\/wp-json\/wp\/v2\/comments?post=12102"}],"version-history":[{"count":0,"href":"https:\/\/www.pricepony.co\/blog\/wp-json\/wp\/v2\/posts\/12102\/revisions"}],"wp:featuredmedia":[{"embeddable":true,"href":"https:\/\/www.pricepony.co\/blog\/wp-json\/wp\/v2\/media\/12103"}],"wp:attachment":[{"href":"https:\/\/www.pricepony.co\/blog\/wp-json\/wp\/v2\/media?parent=12102"}],"wp:term":[{"taxonomy":"category","embeddable":true,"href":"https:\/\/www.pricepony.co\/blog\/wp-json\/wp\/v2\/categories?post=12102"},{"taxonomy":"post_tag","embeddable":true,"href":"https:\/\/www.pricepony.co\/blog\/wp-json\/wp\/v2\/tags?post=12102"}],"curies":[{"name":"wp","href":"https:\/\/api.w.org\/{rel}","templated":true}]}}