{"id":12355,"date":"2016-04-07T12:32:36","date_gmt":"2016-04-07T12:32:36","guid":{"rendered":"http:\/\/www.pricepony.co\/blog\/?p=12355"},"modified":"2016-04-07T12:32:36","modified_gmt":"2016-04-07T12:32:36","slug":"samsung-plegable-telefono-inteligente-que-se-producira-en-2016","status":"publish","type":"post","link":"https:\/\/www.pricepony.co\/blog\/samsung-plegable-telefono-inteligente-que-se-producira-en-2016\/","title":{"rendered":"Samsung plegable tel\u00e9fono inteligente que se producir\u00e1 en 2016"},"content":{"rendered":"<div class=\"c7dbaaac4b7db479fbcf8dd8a0e17e48\" data-index=\"1\" style=\"float: none; margin:10px 0 10px 0; text-align:center;\">\n<!-- Top Banner PH NEW -->\r\n<ins class=\"adsbygoogle\"\r\n     style=\"display:inline-block;width:728px;height:90px\"\r\n     data-ad-client=\"ca-pub-4796993490224996\"\r\n     data-ad-slot=\"9195989669\"><\/ins>\r\n<script>(adsbygoogle = window.adsbygoogle || []).push({});<\/script>\n<\/div>\n<p><strong>Algunas nuevas filtraciones sobre el mundo de la primera plegable smartphone producido por Samsung han sido vistos. Vamos a comprobar lo que ofrece y parece!<\/strong><\/p><center><!-- \/69139267\/pricepony\/\/co\/\/top-ad -->\r\n<div id='div-gpt-ad-1497747800626-0' style='height:90px; width:728px;'>\r\n<script>\r\ngoogletag.cmd.push(function() { googletag.display('div-gpt-ad-1497747800626-0'); });\r\n<\/script>\r\n<\/div><\/center><\/p>\n<p><img decoding=\"async\" loading=\"lazy\" class=\"aligncenter size-full wp-image-18245\" src=\"data:image\/gif;base64,R0lGODlhAQABAIAAAAAAAP\/\/\/yH5BAEAAAAALAAAAAABAAEAAAIBRAA7\" data-src=\"http:\/\/www.pricepony.com.my\/blog\/wp-content\/uploads\/2016\/04\/Foldable-smartphone-concept-e1459791157178.jpg\" alt=\"foldable phone\" width=\"392\" height=\"250\" \/ \/><\/p>\n<h3><strong>\u00a1La Samsung tel\u00e9fono plegable se realiza!<\/strong><\/h3>\n<p>De vuelta a 2015, al final del a\u00f1o, Samsung plegable del tel\u00e9fono se filtr\u00f3 una vez bajo el nombre de proyecto Valle. El smartphone se dijo que estaba compuesta de dos pantallas que pueden plegarse, literalmente, y a punto de ser presentado en enero de 2016. Adem\u00e1s, en enero pasado y no ve\u00eda plegable del tel\u00e9fono. Y en ese momento pensamos que ser\u00eda s\u00f3lo un concepto, el dispositivo se ha mencionado una vez m\u00e1s.<\/p>\n<p>Hablando m\u00e1s espec\u00edficamente, un \u00faltimo informe de Corea nos ha informado que Sammy iniciar\u00e1 la producci\u00f3n en masa de pantallas plegables a finales de este a\u00f1o. Algunas de sus especificaciones han sido presentados. Seg\u00fan el informe, la pr\u00f3xima m\u00e1quina plegable Samsung a embalar una pantalla de 5.0 pulgadas \u00aben forma doblada\u00bb y puede convertirse en una tableta de 7.0 pulgadas al ser desdoblado o abiertos (como lo que ves en la foto). Interesante, \u00bfEH?!<\/p><center><!-- \/69139267\/pricepony\/\/co\/\/middle-ad-desktop-1 -->\r\n<div id='div-gpt-ad-1497753531996-0' style='height:280px; width:336px;' class=\"dfp-slot-inline\">\r\n<script>\r\ngoogletag.cmd.push(function() { googletag.display('div-gpt-ad-1497753531996-0'); });\r\n<\/script>\r\n<\/div>\r\n\r\n<!-- \/69139267\/pricepony\/\/co\/\/middle-desktop-2 -->\r\n<div id='div-gpt-ad-1497753467527-0' style='height:280px; width:336px;' class=\"dfp-slot-inline\">\r\n<script>\r\ngoogletag.cmd.push(function() { googletag.display('div-gpt-ad-1497753467527-0'); });\r\n<\/script>\r\n<\/div><\/center><\/p>\n<p><img decoding=\"async\" loading=\"lazy\" class=\"aligncenter size-full wp-image-18244\" src=\"data:image\/gif;base64,R0lGODlhAQABAIAAAAAAAP\/\/\/yH5BAEAAAAALAAAAAABAAEAAAIBRAA7\" data-src=\"http:\/\/www.pricepony.com.my\/blog\/wp-content\/uploads\/2016\/04\/gsmarena_001-e1459791185892.jpg\" alt=\"foldable phone\" width=\"442\" height=\"250\" \/ \/><\/p>\n<p>Aparte de la exhibici\u00f3n especial, algunas otras fuentes sugieren incluso que la empresa est\u00e1 probando Qualcomm Snapdragon 620 y chip SD 820 para ejecutar el proyecto Valle smartphone, mientras que 3 GB de RAM tambi\u00e9n estar\u00e1 a bordo para ayudar. Por lo tanto, son lo que tenemos hasta ahora. Esperemos que m\u00e1s especificaciones de proyecto Valle se revelar\u00e1 en las pr\u00f3ximas semanas.<\/p>\n<h3><strong>Proyecto Valle precio y disponibilidad<\/strong><\/h3>\n<p>Tenga en cuenta que la producci\u00f3n en masa del auricular se llevar\u00e1 a cabo en el 2016 de finales y el tel\u00e9fono llegar\u00e1 el a\u00f1o que viene. Se trata de un paso verdaderamente nuevo en el mercado m\u00f3vil. En cuanto al precio de Samsung tel\u00e9fono inteligente plegable, ninguna palabra se ha hecho todav\u00eda, pero podemos predecir que puede costar unos $700. \u00bfQu\u00e9 te parece? \u00bfEs una etiqueta razonable? \u00bfSi no, sugerir otro?<\/p>\n<p>(Fuente: gsmarena)<\/p>\n\n<div style=\"font-size: 0px; height: 0px; line-height: 0px; margin: 0; padding: 0; clear: both;\"><\/div><center><!-- \/69139267\/pricepony\/\/co\/\/bottom-ad-desktop -->\r\n<div id='div-gpt-ad-1497753376271-0' style='height:280px; width:336px;'>\r\n<script>\r\ngoogletag.cmd.push(function() { googletag.display('div-gpt-ad-1497753376271-0'); });\r\n<\/script>\r\n<\/div><\/center>","protected":false},"excerpt":{"rendered":"<p>Algunas nuevas filtraciones sobre el mundo de la primera plegable smartphone producido por Samsung han sido vistos. Vamos a comprobar lo que ofrece y parece! \u00a1La Samsung tel\u00e9fono plegable se realiza! De vuelta a 2015, al final del a\u00f1o, Samsung plegable del tel\u00e9fono se filtr\u00f3 una vez bajo el nombre de proyecto Valle. El smartphone [&hellip;]<\/p>\n","protected":false},"author":1,"featured_media":12356,"comment_status":"open","ping_status":"open","sticky":false,"template":"","format":"standard","meta":[],"categories":[7],"tags":[114,10],"acf":[],"yoast_head":"<!-- This site is optimized with the Yoast SEO plugin v20.10 - https:\/\/yoast.com\/wordpress\/plugins\/seo\/ -->\n<title>Samsung plegable tel\u00e9fono inteligente que se producir\u00e1 en 2016 - Price Pony<\/title>\n<meta name=\"description\" content=\"Algunas nuevas filtraciones sobre el mundo de la primera samsung plegable han sido vistos. Vamos a comprobar lo que ofrece y parece ...\" \/>\n<meta name=\"robots\" content=\"index, follow, max-snippet:-1, max-image-preview:large, max-video-preview:-1\" \/>\n<link rel=\"canonical\" href=\"https:\/\/www.pricepony.co\/blog\/samsung-plegable-telefono-inteligente-que-se-producira-en-2016\/\" \/>\n<meta property=\"og:locale\" content=\"es_ES\" \/>\n<meta property=\"og:type\" content=\"article\" \/>\n<meta property=\"og:title\" content=\"Samsung plegable tel\u00e9fono inteligente que se producir\u00e1 en 2016 - Price Pony\" \/>\n<meta property=\"og:description\" content=\"Algunas nuevas filtraciones sobre el mundo de la primera samsung plegable han sido vistos. Vamos a comprobar lo que ofrece y parece ...\" \/>\n<meta property=\"og:url\" content=\"https:\/\/www.pricepony.co\/blog\/samsung-plegable-telefono-inteligente-que-se-producira-en-2016\/\" \/>\n<meta property=\"og:site_name\" content=\"Price Pony\" \/>\n<meta property=\"article:published_time\" content=\"2016-04-07T12:32:36+00:00\" \/>\n<meta property=\"og:image\" content=\"http:\/\/www.pricepony.co\/blog\/wp-content\/uploads\/2016\/04\/IND_FOLDABLE_SMARTPHONE1.jpg\" \/>\n\t<meta property=\"og:image:width\" content=\"850\" \/>\n\t<meta property=\"og:image:height\" content=\"500\" \/>\n\t<meta property=\"og:image:type\" content=\"image\/jpeg\" \/>\n<meta name=\"author\" content=\"Chris Eilers\" \/>\n<meta name=\"twitter:card\" content=\"summary_large_image\" \/>\n<meta name=\"twitter:label1\" content=\"Written by\" \/>\n\t<meta name=\"twitter:data1\" content=\"Chris Eilers\" \/>\n\t<meta name=\"twitter:label2\" content=\"Est. reading time\" \/>\n\t<meta name=\"twitter:data2\" content=\"2 minutos\" \/>\n<script type=\"application\/ld+json\" class=\"yoast-schema-graph\">{\"@context\":\"https:\/\/schema.org\",\"@graph\":[{\"@type\":\"WebPage\",\"@id\":\"https:\/\/www.pricepony.co\/blog\/samsung-plegable-telefono-inteligente-que-se-producira-en-2016\/\",\"url\":\"https:\/\/www.pricepony.co\/blog\/samsung-plegable-telefono-inteligente-que-se-producira-en-2016\/\",\"name\":\"Samsung plegable tel\u00e9fono inteligente que se producir\u00e1 en 2016 - Price Pony\",\"isPartOf\":{\"@id\":\"https:\/\/www.pricepony.co\/blog\/#website\"},\"datePublished\":\"2016-04-07T12:32:36+00:00\",\"dateModified\":\"2016-04-07T12:32:36+00:00\",\"author\":{\"@id\":\"https:\/\/www.pricepony.co\/blog\/#\/schema\/person\/c338807e08d2e0642a2680633342a0b6\"},\"description\":\"Algunas nuevas filtraciones sobre el mundo de la primera samsung plegable han sido vistos. Vamos a comprobar lo que ofrece y parece ...\",\"breadcrumb\":{\"@id\":\"https:\/\/www.pricepony.co\/blog\/samsung-plegable-telefono-inteligente-que-se-producira-en-2016\/#breadcrumb\"},\"inLanguage\":\"es\",\"potentialAction\":[{\"@type\":\"ReadAction\",\"target\":[\"https:\/\/www.pricepony.co\/blog\/samsung-plegable-telefono-inteligente-que-se-producira-en-2016\/\"]}]},{\"@type\":\"BreadcrumbList\",\"@id\":\"https:\/\/www.pricepony.co\/blog\/samsung-plegable-telefono-inteligente-que-se-producira-en-2016\/#breadcrumb\",\"itemListElement\":[{\"@type\":\"ListItem\",\"position\":1,\"name\":\"Home\",\"item\":\"https:\/\/www.pricepony.co\/blog\/\"},{\"@type\":\"ListItem\",\"position\":2,\"name\":\"Samsung plegable tel\u00e9fono inteligente que se producir\u00e1 en 2016\"}]},{\"@type\":\"WebSite\",\"@id\":\"https:\/\/www.pricepony.co\/blog\/#website\",\"url\":\"https:\/\/www.pricepony.co\/blog\/\",\"name\":\"Price Pony\",\"description\":\"www.pricepony.co\",\"potentialAction\":[{\"@type\":\"SearchAction\",\"target\":{\"@type\":\"EntryPoint\",\"urlTemplate\":\"https:\/\/www.pricepony.co\/blog\/?s={search_term_string}\"},\"query-input\":\"required name=search_term_string\"}],\"inLanguage\":\"es\"},{\"@type\":\"Person\",\"@id\":\"https:\/\/www.pricepony.co\/blog\/#\/schema\/person\/c338807e08d2e0642a2680633342a0b6\",\"name\":\"Chris Eilers\",\"image\":{\"@type\":\"ImageObject\",\"inLanguage\":\"es\",\"@id\":\"https:\/\/www.pricepony.co\/blog\/#\/schema\/person\/image\/\",\"url\":\"https:\/\/secure.gravatar.com\/avatar\/b0e7458ba85153c845f5f5e8fb3f7881?s=96&d=mm&r=g\",\"contentUrl\":\"https:\/\/secure.gravatar.com\/avatar\/b0e7458ba85153c845f5f5e8fb3f7881?s=96&d=mm&r=g\",\"caption\":\"Chris Eilers\"},\"description\":\"Chris is an experienced Digital Marketer and Growth Hacker with work experience in Mckinsey Germany and Rocket Internet Asia. He is the CEO of Oizoioi Malaysia and actively engaged in the Startup Scene in South East Asia.\",\"url\":\"https:\/\/www.pricepony.co\/blog\/author\/admin\/\"}]}<\/script>\n<!-- \/ Yoast SEO plugin. -->","yoast_head_json":{"title":"Samsung plegable tel\u00e9fono inteligente que se producir\u00e1 en 2016 - Price Pony","description":"Algunas nuevas filtraciones sobre el mundo de la primera samsung plegable han sido vistos. Vamos a comprobar lo que ofrece y parece ...","robots":{"index":"index","follow":"follow","max-snippet":"max-snippet:-1","max-image-preview":"max-image-preview:large","max-video-preview":"max-video-preview:-1"},"canonical":"https:\/\/www.pricepony.co\/blog\/samsung-plegable-telefono-inteligente-que-se-producira-en-2016\/","og_locale":"es_ES","og_type":"article","og_title":"Samsung plegable tel\u00e9fono inteligente que se producir\u00e1 en 2016 - Price Pony","og_description":"Algunas nuevas filtraciones sobre el mundo de la primera samsung plegable han sido vistos. Vamos a comprobar lo que ofrece y parece ...","og_url":"https:\/\/www.pricepony.co\/blog\/samsung-plegable-telefono-inteligente-que-se-producira-en-2016\/","og_site_name":"Price Pony","article_published_time":"2016-04-07T12:32:36+00:00","og_image":[{"width":850,"height":500,"url":"http:\/\/www.pricepony.co\/blog\/wp-content\/uploads\/2016\/04\/IND_FOLDABLE_SMARTPHONE1.jpg","type":"image\/jpeg"}],"author":"Chris Eilers","twitter_card":"summary_large_image","twitter_misc":{"Written by":"Chris Eilers","Est. reading time":"2 minutos"},"schema":{"@context":"https:\/\/schema.org","@graph":[{"@type":"WebPage","@id":"https:\/\/www.pricepony.co\/blog\/samsung-plegable-telefono-inteligente-que-se-producira-en-2016\/","url":"https:\/\/www.pricepony.co\/blog\/samsung-plegable-telefono-inteligente-que-se-producira-en-2016\/","name":"Samsung plegable tel\u00e9fono inteligente que se producir\u00e1 en 2016 - Price Pony","isPartOf":{"@id":"https:\/\/www.pricepony.co\/blog\/#website"},"datePublished":"2016-04-07T12:32:36+00:00","dateModified":"2016-04-07T12:32:36+00:00","author":{"@id":"https:\/\/www.pricepony.co\/blog\/#\/schema\/person\/c338807e08d2e0642a2680633342a0b6"},"description":"Algunas nuevas filtraciones sobre el mundo de la primera samsung plegable han sido vistos. Vamos a comprobar lo que ofrece y parece ...","breadcrumb":{"@id":"https:\/\/www.pricepony.co\/blog\/samsung-plegable-telefono-inteligente-que-se-producira-en-2016\/#breadcrumb"},"inLanguage":"es","potentialAction":[{"@type":"ReadAction","target":["https:\/\/www.pricepony.co\/blog\/samsung-plegable-telefono-inteligente-que-se-producira-en-2016\/"]}]},{"@type":"BreadcrumbList","@id":"https:\/\/www.pricepony.co\/blog\/samsung-plegable-telefono-inteligente-que-se-producira-en-2016\/#breadcrumb","itemListElement":[{"@type":"ListItem","position":1,"name":"Home","item":"https:\/\/www.pricepony.co\/blog\/"},{"@type":"ListItem","position":2,"name":"Samsung plegable tel\u00e9fono inteligente que se producir\u00e1 en 2016"}]},{"@type":"WebSite","@id":"https:\/\/www.pricepony.co\/blog\/#website","url":"https:\/\/www.pricepony.co\/blog\/","name":"Price Pony","description":"www.pricepony.co","potentialAction":[{"@type":"SearchAction","target":{"@type":"EntryPoint","urlTemplate":"https:\/\/www.pricepony.co\/blog\/?s={search_term_string}"},"query-input":"required name=search_term_string"}],"inLanguage":"es"},{"@type":"Person","@id":"https:\/\/www.pricepony.co\/blog\/#\/schema\/person\/c338807e08d2e0642a2680633342a0b6","name":"Chris Eilers","image":{"@type":"ImageObject","inLanguage":"es","@id":"https:\/\/www.pricepony.co\/blog\/#\/schema\/person\/image\/","url":"https:\/\/secure.gravatar.com\/avatar\/b0e7458ba85153c845f5f5e8fb3f7881?s=96&d=mm&r=g","contentUrl":"https:\/\/secure.gravatar.com\/avatar\/b0e7458ba85153c845f5f5e8fb3f7881?s=96&d=mm&r=g","caption":"Chris Eilers"},"description":"Chris is an experienced Digital Marketer and Growth Hacker with work experience in Mckinsey Germany and Rocket Internet Asia. He is the CEO of Oizoioi Malaysia and actively engaged in the Startup Scene in South East Asia.","url":"https:\/\/www.pricepony.co\/blog\/author\/admin\/"}]}},"_links":{"self":[{"href":"https:\/\/www.pricepony.co\/blog\/wp-json\/wp\/v2\/posts\/12355"}],"collection":[{"href":"https:\/\/www.pricepony.co\/blog\/wp-json\/wp\/v2\/posts"}],"about":[{"href":"https:\/\/www.pricepony.co\/blog\/wp-json\/wp\/v2\/types\/post"}],"author":[{"embeddable":true,"href":"https:\/\/www.pricepony.co\/blog\/wp-json\/wp\/v2\/users\/1"}],"replies":[{"embeddable":true,"href":"https:\/\/www.pricepony.co\/blog\/wp-json\/wp\/v2\/comments?post=12355"}],"version-history":[{"count":0,"href":"https:\/\/www.pricepony.co\/blog\/wp-json\/wp\/v2\/posts\/12355\/revisions"}],"wp:featuredmedia":[{"embeddable":true,"href":"https:\/\/www.pricepony.co\/blog\/wp-json\/wp\/v2\/media\/12356"}],"wp:attachment":[{"href":"https:\/\/www.pricepony.co\/blog\/wp-json\/wp\/v2\/media?parent=12355"}],"wp:term":[{"taxonomy":"category","embeddable":true,"href":"https:\/\/www.pricepony.co\/blog\/wp-json\/wp\/v2\/categories?post=12355"},{"taxonomy":"post_tag","embeddable":true,"href":"https:\/\/www.pricepony.co\/blog\/wp-json\/wp\/v2\/tags?post=12355"}],"curies":[{"name":"wp","href":"https:\/\/api.w.org\/{rel}","templated":true}]}}