{"id":12420,"date":"2016-04-18T08:34:37","date_gmt":"2016-04-18T08:34:37","guid":{"rendered":"http:\/\/www.pricepony.co\/blog\/?p=12420"},"modified":"2016-04-18T08:34:37","modified_gmt":"2016-04-18T08:34:37","slug":"nokia-alcatel-trato-nokia-planes-globales-de-construcciones","status":"publish","type":"post","link":"https:\/\/www.pricepony.co\/blog\/nokia-alcatel-trato-nokia-planes-globales-de-construcciones\/","title":{"rendered":"Nokia &#8211; Alcatel trato: Nokia planes globales de construcciones"},"content":{"rendered":"<div class=\"c7dbaaac4b7db479fbcf8dd8a0e17e48\" data-index=\"1\" style=\"float: none; margin:10px 0 10px 0; text-align:center;\">\n<!-- Top Banner PH NEW -->\r\n<ins class=\"adsbygoogle\"\r\n     style=\"display:inline-block;width:728px;height:90px\"\r\n     data-ad-client=\"ca-pub-4796993490224996\"\r\n     data-ad-slot=\"9195989669\"><\/ins>\r\n<script>(adsbygoogle = window.adsbygoogle || []).push({});<\/script>\n<\/div>\n<p><strong>Acerca de poner fin a su contrato con Microsoft y tras su fusi\u00f3n con Alcatel-Lucent, Nokia apunta que la empresa est\u00e1 cepillado para reconstruir su estrategia de negocio global<\/strong><\/p><center><!-- \/69139267\/pricepony\/\/co\/\/top-ad -->\r\n<div id='div-gpt-ad-1497747800626-0' style='height:90px; width:728px;'>\r\n<script>\r\ngoogletag.cmd.push(function() { googletag.display('div-gpt-ad-1497747800626-0'); });\r\n<\/script>\r\n<\/div><\/center><\/p>\n<p><img decoding=\"async\" loading=\"lazy\" class=\"aligncenter wp-image-14993\" src=\"data:image\/gif;base64,R0lGODlhAQABAIAAAAAAAP\/\/\/yH5BAEAAAAALAAAAAABAAEAAAIBRAA7\" data-src=\"http:\/\/www.pricepony.com.ph\/blog\/wp-content\/uploads\/2016\/04\/concept-4-6-inch-iphone-air-guttate-design-touch-button-home-raqwe.com-02.jpg\" alt=\"Nokia CEO\" width=\"427\" height=\"250\" \/ \/><\/p>\n<h3><strong>Nokia &#8211; Alcatel trato: 14% trabajo cortar para ahorrar dinero<\/strong><\/h3>\n<p>Recientemente, informes fiables de Reuters y Bloomberg han revelado que, Nokia est\u00e1 planeando para guardar m\u00e1s thang $1 mil millones anualmente, tras su fusi\u00f3n con Alcatel &#8211; el hardware de red de la empresa. De acuerdo con esto, la compa\u00f1\u00eda cortar\u00e1 10.000 a 15.000 personal actual en todo el mundo. Esto es equivalente al 14% de Nokia de la mano de obra (que son la contrataci\u00f3n de alrededor de 104.000 empleados en todo el mundo). Exclusivamente en su ciudad natal, el gigante finland\u00e9s es creer para poder disparar hasta 1.300 de los 6.850 actuales de personas.<\/p>\n<p>Nokia vocero afirm\u00f3 que est\u00e1n atacando a ahorrar hasta 900 millones de euros ($1.021 millones) de costo de operaci\u00f3n con este juego, en 2018, de acuerdo con Alcatel. Sin embargo, el vocero se niegan a dar cualquier informaci\u00f3n adicional o comentario acerca de esta cuesti\u00f3n. En un comunicado, Nokia CEO Rajiv dijo que se reunir\u00e1 con los trabajadores de m\u00e1s de 30 pa\u00edses en las pr\u00f3ximas semanas. La corte tambi\u00e9n puede ayudar con Nokia para competir con otros rivales en el intenso mercado de 2016, especialmente de Huawei, inform\u00f3 Bloomberg.<\/p><center><!-- \/69139267\/pricepony\/\/co\/\/middle-ad-desktop-1 -->\r\n<div id='div-gpt-ad-1497753531996-0' style='height:280px; width:336px;' class=\"dfp-slot-inline\">\r\n<script>\r\ngoogletag.cmd.push(function() { googletag.display('div-gpt-ad-1497753531996-0'); });\r\n<\/script>\r\n<\/div>\r\n\r\n<!-- \/69139267\/pricepony\/\/co\/\/middle-desktop-2 -->\r\n<div id='div-gpt-ad-1497753467527-0' style='height:280px; width:336px;' class=\"dfp-slot-inline\">\r\n<script>\r\ngoogletag.cmd.push(function() { googletag.display('div-gpt-ad-1497753467527-0'); });\r\n<\/script>\r\n<\/div><\/center><\/p>\n<p><img decoding=\"async\" loading=\"lazy\" class=\"aligncenter wp-image-14994\" src=\"data:image\/gif;base64,R0lGODlhAQABAIAAAAAAAP\/\/\/yH5BAEAAAAALAAAAAABAAEAAAIBRAA7\" data-src=\"http:\/\/www.pricepony.com.ph\/blog\/wp-content\/uploads\/2016\/04\/Nokia-Android-concept-phone-2.jpg\" alt=\"Nokia CEO\" width=\"401\" height=\"250\" \/ \/><\/p>\n<p>\u00abEs demasiado pronto para discutir cualquier reducci\u00f3n global figura como s\u00f3lo ahora estamos empezando el pa\u00eds-procesos espec\u00edficos, y para que se proceda de acuerdo a la legislaci\u00f3n local y las pr\u00e1cticas\u00bb, revel\u00f3 Nokia. A\u00fan as\u00ed, estos informes definitivamente no son buenas noticias para los actuales funcionarios que trabajan en Nokia en cualquier parte del mundo.<\/p>\n<h3><strong>Nokia &#8211; Alcatel trato: desaf\u00edo estar esperando<\/strong><\/h3>\n<p>M\u00e1s de lo que estamos esperando el regreso de este gigante, no podemos detener nuestra curiosidad en c\u00f3mo la compa\u00f1\u00eda ser\u00e1 la planificaci\u00f3n de su estrategia futura, seg\u00fan Nokia &#8211; Alcatel tratar. No importa qu\u00e9 decisi\u00f3n se va a realizar, esperamos ser\u00eda una decisi\u00f3n acertada. Como el mercado de smartphone en 2016 ser\u00e1 m\u00e1s intensa que nunca, con el r\u00e1pido crecimiento de marcas chinas como Huawei, y no detener el desarrollo de otras grandes marcas como Apple, Samsung, etc, Nokia seguramente se enfrenta a un gran reto. (Fuente: Bloomberg y Reuters).<\/p>\n\n<div style=\"font-size: 0px; height: 0px; line-height: 0px; margin: 0; padding: 0; clear: both;\"><\/div><center><!-- \/69139267\/pricepony\/\/co\/\/bottom-ad-desktop -->\r\n<div id='div-gpt-ad-1497753376271-0' style='height:280px; width:336px;'>\r\n<script>\r\ngoogletag.cmd.push(function() { googletag.display('div-gpt-ad-1497753376271-0'); });\r\n<\/script>\r\n<\/div><\/center>","protected":false},"excerpt":{"rendered":"<p>Acerca de poner fin a su contrato con Microsoft y tras su fusi\u00f3n con Alcatel-Lucent, Nokia apunta que la empresa est\u00e1 cepillado para reconstruir su estrategia de negocio global Nokia &#8211; Alcatel trato: 14% trabajo cortar para ahorrar dinero Recientemente, informes fiables de Reuters y Bloomberg han revelado que, Nokia est\u00e1 planeando para guardar m\u00e1s [&hellip;]<\/p>\n","protected":false},"author":1,"featured_media":12421,"comment_status":"open","ping_status":"open","sticky":false,"template":"","format":"standard","meta":[],"categories":[7],"tags":[70],"acf":[],"yoast_head":"<!-- This site is optimized with the Yoast SEO plugin v20.10 - https:\/\/yoast.com\/wordpress\/plugins\/seo\/ -->\n<title>Nokia - Alcatel trato: Nokia planes globales de construcciones - Price Pony<\/title>\n<meta name=\"description\" content=\"Acerca de poner fin a su contrato con Microsoft y tras su fusi\u00f3n con Alcatel-Lucent, Nokia apunta que la empresa est\u00e1 cepillado para nokia - alcatel trato\" \/>\n<meta name=\"robots\" content=\"index, follow, max-snippet:-1, max-image-preview:large, max-video-preview:-1\" \/>\n<link rel=\"canonical\" href=\"https:\/\/www.pricepony.co\/blog\/nokia-alcatel-trato-nokia-planes-globales-de-construcciones\/\" \/>\n<meta property=\"og:locale\" content=\"es_ES\" \/>\n<meta property=\"og:type\" content=\"article\" \/>\n<meta property=\"og:title\" content=\"Nokia - Alcatel trato: Nokia planes globales de construcciones - Price Pony\" \/>\n<meta property=\"og:description\" content=\"Acerca de poner fin a su contrato con Microsoft y tras su fusi\u00f3n con Alcatel-Lucent, Nokia apunta que la empresa est\u00e1 cepillado para nokia - alcatel trato\" \/>\n<meta property=\"og:url\" content=\"https:\/\/www.pricepony.co\/blog\/nokia-alcatel-trato-nokia-planes-globales-de-construcciones\/\" \/>\n<meta property=\"og:site_name\" content=\"Price Pony\" \/>\n<meta property=\"article:published_time\" content=\"2016-04-18T08:34:37+00:00\" \/>\n<meta property=\"og:image\" content=\"http:\/\/www.pricepony.co\/blog\/wp-content\/uploads\/2016\/04\/Samsung_Galaxy_S8_Concept_Steel_Drake_16-2.jpg\" \/>\n\t<meta property=\"og:image:width\" content=\"1400\" \/>\n\t<meta property=\"og:image:height\" content=\"783\" \/>\n\t<meta property=\"og:image:type\" content=\"image\/jpeg\" \/>\n<meta name=\"author\" content=\"Chris Eilers\" \/>\n<meta name=\"twitter:card\" content=\"summary_large_image\" \/>\n<meta name=\"twitter:label1\" content=\"Written by\" \/>\n\t<meta name=\"twitter:data1\" content=\"Chris Eilers\" \/>\n\t<meta name=\"twitter:label2\" content=\"Est. reading time\" \/>\n\t<meta name=\"twitter:data2\" content=\"2 minutos\" \/>\n<script type=\"application\/ld+json\" class=\"yoast-schema-graph\">{\"@context\":\"https:\/\/schema.org\",\"@graph\":[{\"@type\":\"WebPage\",\"@id\":\"https:\/\/www.pricepony.co\/blog\/nokia-alcatel-trato-nokia-planes-globales-de-construcciones\/\",\"url\":\"https:\/\/www.pricepony.co\/blog\/nokia-alcatel-trato-nokia-planes-globales-de-construcciones\/\",\"name\":\"Nokia - Alcatel trato: Nokia planes globales de construcciones - Price Pony\",\"isPartOf\":{\"@id\":\"https:\/\/www.pricepony.co\/blog\/#website\"},\"datePublished\":\"2016-04-18T08:34:37+00:00\",\"dateModified\":\"2016-04-18T08:34:37+00:00\",\"author\":{\"@id\":\"https:\/\/www.pricepony.co\/blog\/#\/schema\/person\/c338807e08d2e0642a2680633342a0b6\"},\"description\":\"Acerca de poner fin a su contrato con Microsoft y tras su fusi\u00f3n con Alcatel-Lucent, Nokia apunta que la empresa est\u00e1 cepillado para nokia - alcatel trato\",\"breadcrumb\":{\"@id\":\"https:\/\/www.pricepony.co\/blog\/nokia-alcatel-trato-nokia-planes-globales-de-construcciones\/#breadcrumb\"},\"inLanguage\":\"es\",\"potentialAction\":[{\"@type\":\"ReadAction\",\"target\":[\"https:\/\/www.pricepony.co\/blog\/nokia-alcatel-trato-nokia-planes-globales-de-construcciones\/\"]}]},{\"@type\":\"BreadcrumbList\",\"@id\":\"https:\/\/www.pricepony.co\/blog\/nokia-alcatel-trato-nokia-planes-globales-de-construcciones\/#breadcrumb\",\"itemListElement\":[{\"@type\":\"ListItem\",\"position\":1,\"name\":\"Home\",\"item\":\"https:\/\/www.pricepony.co\/blog\/\"},{\"@type\":\"ListItem\",\"position\":2,\"name\":\"Nokia &#8211; Alcatel trato: Nokia planes globales de construcciones\"}]},{\"@type\":\"WebSite\",\"@id\":\"https:\/\/www.pricepony.co\/blog\/#website\",\"url\":\"https:\/\/www.pricepony.co\/blog\/\",\"name\":\"Price Pony\",\"description\":\"www.pricepony.co\",\"potentialAction\":[{\"@type\":\"SearchAction\",\"target\":{\"@type\":\"EntryPoint\",\"urlTemplate\":\"https:\/\/www.pricepony.co\/blog\/?s={search_term_string}\"},\"query-input\":\"required name=search_term_string\"}],\"inLanguage\":\"es\"},{\"@type\":\"Person\",\"@id\":\"https:\/\/www.pricepony.co\/blog\/#\/schema\/person\/c338807e08d2e0642a2680633342a0b6\",\"name\":\"Chris Eilers\",\"image\":{\"@type\":\"ImageObject\",\"inLanguage\":\"es\",\"@id\":\"https:\/\/www.pricepony.co\/blog\/#\/schema\/person\/image\/\",\"url\":\"https:\/\/secure.gravatar.com\/avatar\/b0e7458ba85153c845f5f5e8fb3f7881?s=96&d=mm&r=g\",\"contentUrl\":\"https:\/\/secure.gravatar.com\/avatar\/b0e7458ba85153c845f5f5e8fb3f7881?s=96&d=mm&r=g\",\"caption\":\"Chris Eilers\"},\"description\":\"Chris is an experienced Digital Marketer and Growth Hacker with work experience in Mckinsey Germany and Rocket Internet Asia. He is the CEO of Oizoioi Malaysia and actively engaged in the Startup Scene in South East Asia.\",\"url\":\"https:\/\/www.pricepony.co\/blog\/author\/admin\/\"}]}<\/script>\n<!-- \/ Yoast SEO plugin. -->","yoast_head_json":{"title":"Nokia - Alcatel trato: Nokia planes globales de construcciones - Price Pony","description":"Acerca de poner fin a su contrato con Microsoft y tras su fusi\u00f3n con Alcatel-Lucent, Nokia apunta que la empresa est\u00e1 cepillado para nokia - alcatel trato","robots":{"index":"index","follow":"follow","max-snippet":"max-snippet:-1","max-image-preview":"max-image-preview:large","max-video-preview":"max-video-preview:-1"},"canonical":"https:\/\/www.pricepony.co\/blog\/nokia-alcatel-trato-nokia-planes-globales-de-construcciones\/","og_locale":"es_ES","og_type":"article","og_title":"Nokia - Alcatel trato: Nokia planes globales de construcciones - Price Pony","og_description":"Acerca de poner fin a su contrato con Microsoft y tras su fusi\u00f3n con Alcatel-Lucent, Nokia apunta que la empresa est\u00e1 cepillado para nokia - alcatel trato","og_url":"https:\/\/www.pricepony.co\/blog\/nokia-alcatel-trato-nokia-planes-globales-de-construcciones\/","og_site_name":"Price Pony","article_published_time":"2016-04-18T08:34:37+00:00","og_image":[{"width":1400,"height":783,"url":"http:\/\/www.pricepony.co\/blog\/wp-content\/uploads\/2016\/04\/Samsung_Galaxy_S8_Concept_Steel_Drake_16-2.jpg","type":"image\/jpeg"}],"author":"Chris Eilers","twitter_card":"summary_large_image","twitter_misc":{"Written by":"Chris Eilers","Est. reading time":"2 minutos"},"schema":{"@context":"https:\/\/schema.org","@graph":[{"@type":"WebPage","@id":"https:\/\/www.pricepony.co\/blog\/nokia-alcatel-trato-nokia-planes-globales-de-construcciones\/","url":"https:\/\/www.pricepony.co\/blog\/nokia-alcatel-trato-nokia-planes-globales-de-construcciones\/","name":"Nokia - Alcatel trato: Nokia planes globales de construcciones - Price Pony","isPartOf":{"@id":"https:\/\/www.pricepony.co\/blog\/#website"},"datePublished":"2016-04-18T08:34:37+00:00","dateModified":"2016-04-18T08:34:37+00:00","author":{"@id":"https:\/\/www.pricepony.co\/blog\/#\/schema\/person\/c338807e08d2e0642a2680633342a0b6"},"description":"Acerca de poner fin a su contrato con Microsoft y tras su fusi\u00f3n con Alcatel-Lucent, Nokia apunta que la empresa est\u00e1 cepillado para nokia - alcatel trato","breadcrumb":{"@id":"https:\/\/www.pricepony.co\/blog\/nokia-alcatel-trato-nokia-planes-globales-de-construcciones\/#breadcrumb"},"inLanguage":"es","potentialAction":[{"@type":"ReadAction","target":["https:\/\/www.pricepony.co\/blog\/nokia-alcatel-trato-nokia-planes-globales-de-construcciones\/"]}]},{"@type":"BreadcrumbList","@id":"https:\/\/www.pricepony.co\/blog\/nokia-alcatel-trato-nokia-planes-globales-de-construcciones\/#breadcrumb","itemListElement":[{"@type":"ListItem","position":1,"name":"Home","item":"https:\/\/www.pricepony.co\/blog\/"},{"@type":"ListItem","position":2,"name":"Nokia &#8211; Alcatel trato: Nokia planes globales de construcciones"}]},{"@type":"WebSite","@id":"https:\/\/www.pricepony.co\/blog\/#website","url":"https:\/\/www.pricepony.co\/blog\/","name":"Price Pony","description":"www.pricepony.co","potentialAction":[{"@type":"SearchAction","target":{"@type":"EntryPoint","urlTemplate":"https:\/\/www.pricepony.co\/blog\/?s={search_term_string}"},"query-input":"required name=search_term_string"}],"inLanguage":"es"},{"@type":"Person","@id":"https:\/\/www.pricepony.co\/blog\/#\/schema\/person\/c338807e08d2e0642a2680633342a0b6","name":"Chris Eilers","image":{"@type":"ImageObject","inLanguage":"es","@id":"https:\/\/www.pricepony.co\/blog\/#\/schema\/person\/image\/","url":"https:\/\/secure.gravatar.com\/avatar\/b0e7458ba85153c845f5f5e8fb3f7881?s=96&d=mm&r=g","contentUrl":"https:\/\/secure.gravatar.com\/avatar\/b0e7458ba85153c845f5f5e8fb3f7881?s=96&d=mm&r=g","caption":"Chris Eilers"},"description":"Chris is an experienced Digital Marketer and Growth Hacker with work experience in Mckinsey Germany and Rocket Internet Asia. He is the CEO of Oizoioi Malaysia and actively engaged in the Startup Scene in South East Asia.","url":"https:\/\/www.pricepony.co\/blog\/author\/admin\/"}]}},"_links":{"self":[{"href":"https:\/\/www.pricepony.co\/blog\/wp-json\/wp\/v2\/posts\/12420"}],"collection":[{"href":"https:\/\/www.pricepony.co\/blog\/wp-json\/wp\/v2\/posts"}],"about":[{"href":"https:\/\/www.pricepony.co\/blog\/wp-json\/wp\/v2\/types\/post"}],"author":[{"embeddable":true,"href":"https:\/\/www.pricepony.co\/blog\/wp-json\/wp\/v2\/users\/1"}],"replies":[{"embeddable":true,"href":"https:\/\/www.pricepony.co\/blog\/wp-json\/wp\/v2\/comments?post=12420"}],"version-history":[{"count":0,"href":"https:\/\/www.pricepony.co\/blog\/wp-json\/wp\/v2\/posts\/12420\/revisions"}],"wp:featuredmedia":[{"embeddable":true,"href":"https:\/\/www.pricepony.co\/blog\/wp-json\/wp\/v2\/media\/12421"}],"wp:attachment":[{"href":"https:\/\/www.pricepony.co\/blog\/wp-json\/wp\/v2\/media?parent=12420"}],"wp:term":[{"taxonomy":"category","embeddable":true,"href":"https:\/\/www.pricepony.co\/blog\/wp-json\/wp\/v2\/categories?post=12420"},{"taxonomy":"post_tag","embeddable":true,"href":"https:\/\/www.pricepony.co\/blog\/wp-json\/wp\/v2\/tags?post=12420"}],"curies":[{"name":"wp","href":"https:\/\/api.w.org\/{rel}","templated":true}]}}