{"id":12453,"date":"2016-04-26T08:40:10","date_gmt":"2016-04-26T08:40:10","guid":{"rendered":"http:\/\/www.pricepony.co\/blog\/?p=12453"},"modified":"2016-04-26T08:40:10","modified_gmt":"2016-04-26T08:40:10","slug":"iphone-7-tendra-diseno-especial-con-pantalla-amoled-de-cristal-todos","status":"publish","type":"post","link":"https:\/\/www.pricepony.co\/blog\/iphone-7-tendra-diseno-especial-con-pantalla-amoled-de-cristal-todos\/","title":{"rendered":"iPhone 7 tendr\u00e1 dise\u00f1o especial con pantalla AMOLED de cristal todos"},"content":{"rendered":"<div class=\"c7dbaaac4b7db479fbcf8dd8a0e17e48\" data-index=\"1\" style=\"float: none; margin:10px 0 10px 0; text-align:center;\">\n<!-- Top Banner PH NEW -->\r\n<ins class=\"adsbygoogle\"\r\n     style=\"display:inline-block;width:728px;height:90px\"\r\n     data-ad-client=\"ca-pub-4796993490224996\"\r\n     data-ad-slot=\"9195989669\"><\/ins>\r\n<script>(adsbygoogle = window.adsbygoogle || []).push({});<\/script>\n<\/div>\n<p><strong>Apple iPhones ahora son famosos por sus hermosos y experto dise\u00f1os. Pero seg\u00fan algunas predicciones, Apple iPhone har\u00e1 un cambio en su dise\u00f1o en 2017, con el iPhone 7 lanzamiento. La pantalla LCD va a estar en su lugar por una pantalla AMOLED.<\/strong><\/p><center><!-- \/69139267\/pricepony\/\/co\/\/top-ad -->\r\n<div id='div-gpt-ad-1497747800626-0' style='height:90px; width:728px;'>\r\n<script>\r\ngoogletag.cmd.push(function() { googletag.display('div-gpt-ad-1497747800626-0'); });\r\n<\/script>\r\n<\/div><\/center><\/p>\n<p><img decoding=\"async\" loading=\"lazy\" class=\"aligncenter wp-image-15575\" src=\"data:image\/gif;base64,R0lGODlhAQABAIAAAAAAAP\/\/\/yH5BAEAAAAALAAAAAABAAEAAAIBRAA7\" data-src=\"http:\/\/www.pricepony.com.ph\/blog\/wp-content\/uploads\/2016\/04\/iPhone7.jpg\" alt=\"iPhone7\" width=\"417\" height=\"250\" \/ \/><\/p>\n<h3><strong>IPhone 7 specs con AMOLED tech<\/strong><\/h3>\n<p>Las predicciones provienen de KGI Securities el analista Ming-Chi Kuo, quien tiene una profunda cadena de suministro fuentes y un buen historial de predicci\u00f3n de Apple de planes futuros. El Kua dice que Apple se est\u00e1 preparando para alejarse de la carcasa unibody de aluminio de dise\u00f1o, que se ha fijado el iPhone aparte de su competencia en los \u00faltimos a\u00f1os. Muchas personas creen que Apple est\u00e1 buscando implementar materiales especiales para diferenciar m\u00e1s el iPhone desde un mar de competidores.<\/p>\n<p>IPhone 7 pantalla ser\u00e1 un material de vidrio, que es f\u00e1cil de moldear y presumir. Seg\u00fan Kua, el 2017 de la versi\u00f3n iPhone contar\u00e1 con un dise\u00f1o en vidrio. Tambi\u00e9n ser\u00e1 la primera en utilizar pantalla AMOLED. Los informes hasta la fecha sugieren que el iPhone 7 y iPhone 7 Plus ser\u00e1 una actualizaci\u00f3n menor en t\u00e9rminos de dise\u00f1o del iPhone 6S y el iPhone 6S Plus. Viene con un 5,8 pulgadas de pantalla y carga inal\u00e1mbrica.esperamos la evoluci\u00f3n y cambio constante, ser\u00e1 bienvenido por un t\u00e9cnico de seguidor.<\/p><center><!-- \/69139267\/pricepony\/\/co\/\/middle-ad-desktop-1 -->\r\n<div id='div-gpt-ad-1497753531996-0' style='height:280px; width:336px;' class=\"dfp-slot-inline\">\r\n<script>\r\ngoogletag.cmd.push(function() { googletag.display('div-gpt-ad-1497753531996-0'); });\r\n<\/script>\r\n<\/div>\r\n\r\n<!-- \/69139267\/pricepony\/\/co\/\/middle-desktop-2 -->\r\n<div id='div-gpt-ad-1497753467527-0' style='height:280px; width:336px;' class=\"dfp-slot-inline\">\r\n<script>\r\ngoogletag.cmd.push(function() { googletag.display('div-gpt-ad-1497753467527-0'); });\r\n<\/script>\r\n<\/div><\/center><\/p>\n<p><img decoding=\"async\" loading=\"lazy\" class=\"aligncenter wp-image-15548\" src=\"data:image\/gif;base64,R0lGODlhAQABAIAAAAAAAP\/\/\/yH5BAEAAAAALAAAAAABAAEAAAIBRAA7\" data-src=\"http:\/\/www.pricepony.com.ph\/blog\/wp-content\/uploads\/2016\/04\/ip4.jpg\" alt=\"ip4\" width=\"445\" height=\"250\" \/ \/><\/p>\n<p>Recientemente, hay muchos interesantes rumores flotando alrededor de la internet sobre el iPhone 8. Hay una raz\u00f3n detr\u00e1s de eso, Apple est\u00e1 intentando actualmente completamente makeover su iPhone serie hardware y dise\u00f1o. Muchas personas creen que tambi\u00e9n tiene una pantalla AMOLED.<\/p>\n<h3><strong>La sorpresa de AMOLED pantallas<\/strong><\/h3>\n<p>El vidrio es m\u00e1s pesado que el aluminio. Sin embargo, el uso de pantallas AMOLED es ligeramente m\u00e1s ligero que las pantallas LCD utilizados actualmente en el Iphone. Otro smartphone empresas tambi\u00e9n usan asimismo el empleo de materiales ex\u00f3ticos en su buque insignia de los smartphones. Para este especial fuera permitir\u00e1 a Apple para destacarse y diferenciarse de la multitud. Con pantalla AMOLED y otras caracter\u00edsticas, \u00bfcu\u00e1nto crees que el iPhone 7 ser\u00e1 el precio?<\/p>\n\n<div style=\"font-size: 0px; height: 0px; line-height: 0px; margin: 0; padding: 0; clear: both;\"><\/div><center><!-- \/69139267\/pricepony\/\/co\/\/bottom-ad-desktop -->\r\n<div id='div-gpt-ad-1497753376271-0' style='height:280px; width:336px;'>\r\n<script>\r\ngoogletag.cmd.push(function() { googletag.display('div-gpt-ad-1497753376271-0'); });\r\n<\/script>\r\n<\/div><\/center>","protected":false},"excerpt":{"rendered":"<p>Apple iPhones ahora son famosos por sus hermosos y experto dise\u00f1os. Pero seg\u00fan algunas predicciones, Apple iPhone har\u00e1 un cambio en su dise\u00f1o en 2017, con el iPhone 7 lanzamiento. La pantalla LCD va a estar en su lugar por una pantalla AMOLED. IPhone 7 specs con AMOLED tech Las predicciones provienen de KGI Securities [&hellip;]<\/p>\n","protected":false},"author":1,"featured_media":12454,"comment_status":"open","ping_status":"open","sticky":false,"template":"","format":"standard","meta":[],"categories":[7],"tags":[105],"acf":[],"yoast_head":"<!-- This site is optimized with the Yoast SEO plugin v20.10 - https:\/\/yoast.com\/wordpress\/plugins\/seo\/ -->\n<title>iPhone 7 tendr\u00e1 dise\u00f1o especial con pantalla AMOLED de cristal todos - Price Pony<\/title>\n<meta name=\"description\" content=\"Pero seg\u00fan algunas predicciones, Apple iPhone har\u00e1 un cambio en su dise\u00f1o en 2017, con el iPhone 7 lanzamiento. La pantalla LCD va a estar en su lugar ...\" \/>\n<meta name=\"robots\" content=\"index, follow, max-snippet:-1, max-image-preview:large, max-video-preview:-1\" \/>\n<link rel=\"canonical\" href=\"https:\/\/www.pricepony.co\/blog\/iphone-7-tendra-diseno-especial-con-pantalla-amoled-de-cristal-todos\/\" \/>\n<meta property=\"og:locale\" content=\"es_ES\" \/>\n<meta property=\"og:type\" content=\"article\" \/>\n<meta property=\"og:title\" content=\"iPhone 7 tendr\u00e1 dise\u00f1o especial con pantalla AMOLED de cristal todos - Price Pony\" \/>\n<meta property=\"og:description\" content=\"Pero seg\u00fan algunas predicciones, Apple iPhone har\u00e1 un cambio en su dise\u00f1o en 2017, con el iPhone 7 lanzamiento. La pantalla LCD va a estar en su lugar ...\" \/>\n<meta property=\"og:url\" content=\"https:\/\/www.pricepony.co\/blog\/iphone-7-tendra-diseno-especial-con-pantalla-amoled-de-cristal-todos\/\" \/>\n<meta property=\"og:site_name\" content=\"Price Pony\" \/>\n<meta property=\"article:published_time\" content=\"2016-04-26T08:40:10+00:00\" \/>\n<meta property=\"og:image\" content=\"http:\/\/www.pricepony.co\/blog\/wp-content\/uploads\/2016\/04\/iPhone7.jpg\" \/>\n\t<meta property=\"og:image:width\" content=\"525\" \/>\n\t<meta property=\"og:image:height\" content=\"315\" \/>\n\t<meta property=\"og:image:type\" content=\"image\/jpeg\" \/>\n<meta name=\"author\" content=\"Chris Eilers\" \/>\n<meta name=\"twitter:card\" content=\"summary_large_image\" \/>\n<meta name=\"twitter:label1\" content=\"Written by\" \/>\n\t<meta name=\"twitter:data1\" content=\"Chris Eilers\" \/>\n\t<meta name=\"twitter:label2\" content=\"Est. reading time\" \/>\n\t<meta name=\"twitter:data2\" content=\"2 minutos\" \/>\n<script type=\"application\/ld+json\" class=\"yoast-schema-graph\">{\"@context\":\"https:\/\/schema.org\",\"@graph\":[{\"@type\":\"WebPage\",\"@id\":\"https:\/\/www.pricepony.co\/blog\/iphone-7-tendra-diseno-especial-con-pantalla-amoled-de-cristal-todos\/\",\"url\":\"https:\/\/www.pricepony.co\/blog\/iphone-7-tendra-diseno-especial-con-pantalla-amoled-de-cristal-todos\/\",\"name\":\"iPhone 7 tendr\u00e1 dise\u00f1o especial con pantalla AMOLED de cristal todos - Price Pony\",\"isPartOf\":{\"@id\":\"https:\/\/www.pricepony.co\/blog\/#website\"},\"datePublished\":\"2016-04-26T08:40:10+00:00\",\"dateModified\":\"2016-04-26T08:40:10+00:00\",\"author\":{\"@id\":\"https:\/\/www.pricepony.co\/blog\/#\/schema\/person\/c338807e08d2e0642a2680633342a0b6\"},\"description\":\"Pero seg\u00fan algunas predicciones, Apple iPhone har\u00e1 un cambio en su dise\u00f1o en 2017, con el iPhone 7 lanzamiento. La pantalla LCD va a estar en su lugar ...\",\"breadcrumb\":{\"@id\":\"https:\/\/www.pricepony.co\/blog\/iphone-7-tendra-diseno-especial-con-pantalla-amoled-de-cristal-todos\/#breadcrumb\"},\"inLanguage\":\"es\",\"potentialAction\":[{\"@type\":\"ReadAction\",\"target\":[\"https:\/\/www.pricepony.co\/blog\/iphone-7-tendra-diseno-especial-con-pantalla-amoled-de-cristal-todos\/\"]}]},{\"@type\":\"BreadcrumbList\",\"@id\":\"https:\/\/www.pricepony.co\/blog\/iphone-7-tendra-diseno-especial-con-pantalla-amoled-de-cristal-todos\/#breadcrumb\",\"itemListElement\":[{\"@type\":\"ListItem\",\"position\":1,\"name\":\"Home\",\"item\":\"https:\/\/www.pricepony.co\/blog\/\"},{\"@type\":\"ListItem\",\"position\":2,\"name\":\"iPhone 7 tendr\u00e1 dise\u00f1o especial con pantalla AMOLED de cristal todos\"}]},{\"@type\":\"WebSite\",\"@id\":\"https:\/\/www.pricepony.co\/blog\/#website\",\"url\":\"https:\/\/www.pricepony.co\/blog\/\",\"name\":\"Price Pony\",\"description\":\"www.pricepony.co\",\"potentialAction\":[{\"@type\":\"SearchAction\",\"target\":{\"@type\":\"EntryPoint\",\"urlTemplate\":\"https:\/\/www.pricepony.co\/blog\/?s={search_term_string}\"},\"query-input\":\"required name=search_term_string\"}],\"inLanguage\":\"es\"},{\"@type\":\"Person\",\"@id\":\"https:\/\/www.pricepony.co\/blog\/#\/schema\/person\/c338807e08d2e0642a2680633342a0b6\",\"name\":\"Chris Eilers\",\"image\":{\"@type\":\"ImageObject\",\"inLanguage\":\"es\",\"@id\":\"https:\/\/www.pricepony.co\/blog\/#\/schema\/person\/image\/\",\"url\":\"https:\/\/secure.gravatar.com\/avatar\/b0e7458ba85153c845f5f5e8fb3f7881?s=96&d=mm&r=g\",\"contentUrl\":\"https:\/\/secure.gravatar.com\/avatar\/b0e7458ba85153c845f5f5e8fb3f7881?s=96&d=mm&r=g\",\"caption\":\"Chris Eilers\"},\"description\":\"Chris is an experienced Digital Marketer and Growth Hacker with work experience in Mckinsey Germany and Rocket Internet Asia. He is the CEO of Oizoioi Malaysia and actively engaged in the Startup Scene in South East Asia.\",\"url\":\"https:\/\/www.pricepony.co\/blog\/author\/admin\/\"}]}<\/script>\n<!-- \/ Yoast SEO plugin. -->","yoast_head_json":{"title":"iPhone 7 tendr\u00e1 dise\u00f1o especial con pantalla AMOLED de cristal todos - Price Pony","description":"Pero seg\u00fan algunas predicciones, Apple iPhone har\u00e1 un cambio en su dise\u00f1o en 2017, con el iPhone 7 lanzamiento. La pantalla LCD va a estar en su lugar ...","robots":{"index":"index","follow":"follow","max-snippet":"max-snippet:-1","max-image-preview":"max-image-preview:large","max-video-preview":"max-video-preview:-1"},"canonical":"https:\/\/www.pricepony.co\/blog\/iphone-7-tendra-diseno-especial-con-pantalla-amoled-de-cristal-todos\/","og_locale":"es_ES","og_type":"article","og_title":"iPhone 7 tendr\u00e1 dise\u00f1o especial con pantalla AMOLED de cristal todos - Price Pony","og_description":"Pero seg\u00fan algunas predicciones, Apple iPhone har\u00e1 un cambio en su dise\u00f1o en 2017, con el iPhone 7 lanzamiento. La pantalla LCD va a estar en su lugar ...","og_url":"https:\/\/www.pricepony.co\/blog\/iphone-7-tendra-diseno-especial-con-pantalla-amoled-de-cristal-todos\/","og_site_name":"Price Pony","article_published_time":"2016-04-26T08:40:10+00:00","og_image":[{"width":525,"height":315,"url":"http:\/\/www.pricepony.co\/blog\/wp-content\/uploads\/2016\/04\/iPhone7.jpg","type":"image\/jpeg"}],"author":"Chris Eilers","twitter_card":"summary_large_image","twitter_misc":{"Written by":"Chris Eilers","Est. reading time":"2 minutos"},"schema":{"@context":"https:\/\/schema.org","@graph":[{"@type":"WebPage","@id":"https:\/\/www.pricepony.co\/blog\/iphone-7-tendra-diseno-especial-con-pantalla-amoled-de-cristal-todos\/","url":"https:\/\/www.pricepony.co\/blog\/iphone-7-tendra-diseno-especial-con-pantalla-amoled-de-cristal-todos\/","name":"iPhone 7 tendr\u00e1 dise\u00f1o especial con pantalla AMOLED de cristal todos - Price Pony","isPartOf":{"@id":"https:\/\/www.pricepony.co\/blog\/#website"},"datePublished":"2016-04-26T08:40:10+00:00","dateModified":"2016-04-26T08:40:10+00:00","author":{"@id":"https:\/\/www.pricepony.co\/blog\/#\/schema\/person\/c338807e08d2e0642a2680633342a0b6"},"description":"Pero seg\u00fan algunas predicciones, Apple iPhone har\u00e1 un cambio en su dise\u00f1o en 2017, con el iPhone 7 lanzamiento. La pantalla LCD va a estar en su lugar ...","breadcrumb":{"@id":"https:\/\/www.pricepony.co\/blog\/iphone-7-tendra-diseno-especial-con-pantalla-amoled-de-cristal-todos\/#breadcrumb"},"inLanguage":"es","potentialAction":[{"@type":"ReadAction","target":["https:\/\/www.pricepony.co\/blog\/iphone-7-tendra-diseno-especial-con-pantalla-amoled-de-cristal-todos\/"]}]},{"@type":"BreadcrumbList","@id":"https:\/\/www.pricepony.co\/blog\/iphone-7-tendra-diseno-especial-con-pantalla-amoled-de-cristal-todos\/#breadcrumb","itemListElement":[{"@type":"ListItem","position":1,"name":"Home","item":"https:\/\/www.pricepony.co\/blog\/"},{"@type":"ListItem","position":2,"name":"iPhone 7 tendr\u00e1 dise\u00f1o especial con pantalla AMOLED de cristal todos"}]},{"@type":"WebSite","@id":"https:\/\/www.pricepony.co\/blog\/#website","url":"https:\/\/www.pricepony.co\/blog\/","name":"Price Pony","description":"www.pricepony.co","potentialAction":[{"@type":"SearchAction","target":{"@type":"EntryPoint","urlTemplate":"https:\/\/www.pricepony.co\/blog\/?s={search_term_string}"},"query-input":"required name=search_term_string"}],"inLanguage":"es"},{"@type":"Person","@id":"https:\/\/www.pricepony.co\/blog\/#\/schema\/person\/c338807e08d2e0642a2680633342a0b6","name":"Chris Eilers","image":{"@type":"ImageObject","inLanguage":"es","@id":"https:\/\/www.pricepony.co\/blog\/#\/schema\/person\/image\/","url":"https:\/\/secure.gravatar.com\/avatar\/b0e7458ba85153c845f5f5e8fb3f7881?s=96&d=mm&r=g","contentUrl":"https:\/\/secure.gravatar.com\/avatar\/b0e7458ba85153c845f5f5e8fb3f7881?s=96&d=mm&r=g","caption":"Chris Eilers"},"description":"Chris is an experienced Digital Marketer and Growth Hacker with work experience in Mckinsey Germany and Rocket Internet Asia. He is the CEO of Oizoioi Malaysia and actively engaged in the Startup Scene in South East Asia.","url":"https:\/\/www.pricepony.co\/blog\/author\/admin\/"}]}},"_links":{"self":[{"href":"https:\/\/www.pricepony.co\/blog\/wp-json\/wp\/v2\/posts\/12453"}],"collection":[{"href":"https:\/\/www.pricepony.co\/blog\/wp-json\/wp\/v2\/posts"}],"about":[{"href":"https:\/\/www.pricepony.co\/blog\/wp-json\/wp\/v2\/types\/post"}],"author":[{"embeddable":true,"href":"https:\/\/www.pricepony.co\/blog\/wp-json\/wp\/v2\/users\/1"}],"replies":[{"embeddable":true,"href":"https:\/\/www.pricepony.co\/blog\/wp-json\/wp\/v2\/comments?post=12453"}],"version-history":[{"count":0,"href":"https:\/\/www.pricepony.co\/blog\/wp-json\/wp\/v2\/posts\/12453\/revisions"}],"wp:featuredmedia":[{"embeddable":true,"href":"https:\/\/www.pricepony.co\/blog\/wp-json\/wp\/v2\/media\/12454"}],"wp:attachment":[{"href":"https:\/\/www.pricepony.co\/blog\/wp-json\/wp\/v2\/media?parent=12453"}],"wp:term":[{"taxonomy":"category","embeddable":true,"href":"https:\/\/www.pricepony.co\/blog\/wp-json\/wp\/v2\/categories?post=12453"},{"taxonomy":"post_tag","embeddable":true,"href":"https:\/\/www.pricepony.co\/blog\/wp-json\/wp\/v2\/tags?post=12453"}],"curies":[{"name":"wp","href":"https:\/\/api.w.org\/{rel}","templated":true}]}}