{"id":13022,"date":"2016-08-02T03:07:50","date_gmt":"2016-08-01T20:07:50","guid":{"rendered":"http:\/\/www.pricepony.co\/blog\/?p=13022"},"modified":"2016-08-02T03:07:50","modified_gmt":"2016-08-01T20:07:50","slug":"iphone-7cs-concepto-camara-doble-visual-exclusivo","status":"publish","type":"post","link":"https:\/\/www.pricepony.co\/blog\/iphone-7cs-concepto-camara-doble-visual-exclusivo\/","title":{"rendered":"iPhone 7cs concepto: c\u00e1mara doble y visual exclusivo"},"content":{"rendered":"<div class=\"c7dbaaac4b7db479fbcf8dd8a0e17e48\" data-index=\"1\" style=\"float: none; margin:10px 0 10px 0; text-align:center;\">\n<!-- Top Banner PH NEW -->\r\n<ins class=\"adsbygoogle\"\r\n     style=\"display:inline-block;width:728px;height:90px\"\r\n     data-ad-client=\"ca-pub-4796993490224996\"\r\n     data-ad-slot=\"9195989669\"><\/ins>\r\n<script>(adsbygoogle = window.adsbygoogle || []).push({});<\/script>\n<\/div>\n<p><strong>El concepto y el visual del iPhone 7 ya no son un misterio para nosotros desde que Apple comenz\u00f3 a introducir su \u00faltima generaci\u00f3n iPhone 6. Pero ahora lo que se revela en el Internet \u00faltimamente es un concepto nuevo y super interesante: el visual del iPhone 7cs<\/strong><\/p><center><!-- \/69139267\/pricepony\/\/co\/\/top-ad -->\r\n<div id='div-gpt-ad-1497747800626-0' style='height:90px; width:728px;'>\r\n<script>\r\ngoogletag.cmd.push(function() { googletag.display('div-gpt-ad-1497747800626-0'); });\r\n<\/script>\r\n<\/div><\/center><\/p>\n<p><img decoding=\"async\" loading=\"lazy\" class=\"aligncenter wp-image-19975\" src=\"data:image\/gif;base64,R0lGODlhAQABAIAAAAAAAP\/\/\/yH5BAEAAAAALAAAAAABAAEAAAIBRAA7\" data-src=\"http:\/\/www.pricepony.com.ph\/blog\/wp-content\/uploads\/2016\/07\/iPhone-7cs-concept-Michael-Muleba-8-768x432.jpg\" alt=\"iPhone 7cs render design\" width=\"443\" height=\"250\" \/ \/><\/p>\n<h3><strong>iPhone 7cs concepto: cuerpo con 20 metales multicolores<\/strong><\/h3>\n<p>Como se puede imaginar, el nombre iPhone 7cs es una versi\u00f3n mejorada del iPhone 5c, ya que el 6c ya sido eliminado. El iPhone 7cs fue dise\u00f1ado por el dise\u00f1ador Michael Muleba, un nombre familiar cuando se trata de buenos conceptos de tel\u00e9fonos. Este tel\u00e9fono de Michael tiene una idea muy interesante y est\u00e1 de pie a cabo gran parte del p\u00fablico.<\/p><center><!-- \/69139267\/pricepony\/\/co\/\/middle-ad-desktop-1 -->\r\n<div id='div-gpt-ad-1497753531996-0' style='height:280px; width:336px;' class=\"dfp-slot-inline\">\r\n<script>\r\ngoogletag.cmd.push(function() { googletag.display('div-gpt-ad-1497753531996-0'); });\r\n<\/script>\r\n<\/div>\r\n\r\n<!-- \/69139267\/pricepony\/\/co\/\/middle-desktop-2 -->\r\n<div id='div-gpt-ad-1497753467527-0' style='height:280px; width:336px;' class=\"dfp-slot-inline\">\r\n<script>\r\ngoogletag.cmd.push(function() { googletag.display('div-gpt-ad-1497753467527-0'); });\r\n<\/script>\r\n<\/div><\/center><\/p>\n<p>El secreto del visual de este tel\u00e9fono es un cuerpo con un conjunto de 20 metales multicolores que dan una sensaci\u00f3n de colores brillantes en su cuerpo. En la parte detr\u00e1s del tel\u00e9fono hay una c\u00e1mara doble un gran logotipo de Apple. Para proteger la pantalla, el tel\u00e9fono viene con la generaci\u00f3n m\u00e1s reciente de protecci\u00f3n el Corning Gorilla Glass 5, que es resistente a ca\u00eddas.<\/p>\n<div id='gallery-1' class='gallery galleryid-13022 gallery-columns-3 gallery-size-full'><figure class='gallery-item'>\n\t\t\t<div class='gallery-icon landscape'>\n\t\t\t\t<img width=\"622\" height=\"413\" src=\"data:image\/gif;base64,R0lGODlhAQABAIAAAAAAAP\/\/\/yH5BAEAAAAALAAAAAABAAEAAAIBRAA7\" class=\"attachment-full size-full\" alt=\"\" decoding=\"async\" loading=\"lazy\" data-src=\"https:\/\/www.pricepony.co\/blog\/wp-content\/uploads\/2016\/08\/iPhone-7cs-concept-Michael-Muleba-10-768x432.jpg\" \/>\n\t\t\t<\/div><\/figure><figure class='gallery-item'>\n\t\t\t<div class='gallery-icon landscape'>\n\t\t\t\t<img width=\"663\" height=\"403\" src=\"data:image\/gif;base64,R0lGODlhAQABAIAAAAAAAP\/\/\/yH5BAEAAAAALAAAAAABAAEAAAIBRAA7\" class=\"attachment-full size-full\" alt=\"\" decoding=\"async\" loading=\"lazy\" data-src=\"https:\/\/www.pricepony.co\/blog\/wp-content\/uploads\/2016\/08\/iPhone-7cs-concept-Michael-Muleba-4-768x432.jpg\" \/>\n\t\t\t<\/div><\/figure><figure class='gallery-item'>\n\t\t\t<div class='gallery-icon landscape'>\n\t\t\t\t<img width=\"657\" height=\"409\" src=\"data:image\/gif;base64,R0lGODlhAQABAIAAAAAAAP\/\/\/yH5BAEAAAAALAAAAAABAAEAAAIBRAA7\" class=\"attachment-full size-full\" alt=\"\" decoding=\"async\" loading=\"lazy\" data-src=\"https:\/\/www.pricepony.co\/blog\/wp-content\/uploads\/2016\/08\/iPhone-7cs-concept-Michael-Muleba-3-768x432.jpg\" \/>\n\t\t\t<\/div><\/figure>\n\t\t<\/div>\n\n<p>El concepto del iPhone 7cs es hecho de metales de primera calidad y materiales de vidrio de alta calidad dejando el tel\u00e9fono con un aspecto elegante y estiloso. En lo que respecta a las caracter\u00edsticas, el iPhone 7cs contar\u00eda con una memoria interna de 64GB en la versi\u00f3n b\u00e1sica (a mi me parece que Apple quiere poner fin a iPhones con poca RAM). Otro detalle importante es que este iPhone 7CS no tendr\u00e1 puerto para auriculares y para el cargador, o sea ser\u00e1 completamente inal\u00e1mbrico. Esto significa que no habr\u00e1 cables en esta versi\u00f3n.<\/p>\n<h3><strong>iPhone 7CS concepto: simplemente impresionante<\/strong><\/h3>\n<p>Entre todas las variedades de conceptos y dise\u00f1os para el iPhone 7 que estamos viendo \u00faltimamente, esta idea de un cuerpo con 20 metales de varios colores est\u00e1 siendo muy elogiada. Sobre todo no puedo quitar mis ojos de este incre\u00edble smartphone. Si \u00e9l viene con 3GB de RAM y una buena c\u00e1mara, el modelo seguramente ser\u00e1 un gran \u00e9xito en el mercado.<\/p>\n\n<div style=\"font-size: 0px; height: 0px; line-height: 0px; margin: 0; padding: 0; clear: both;\"><\/div><center><!-- \/69139267\/pricepony\/\/co\/\/bottom-ad-desktop -->\r\n<div id='div-gpt-ad-1497753376271-0' style='height:280px; width:336px;'>\r\n<script>\r\ngoogletag.cmd.push(function() { googletag.display('div-gpt-ad-1497753376271-0'); });\r\n<\/script>\r\n<\/div><\/center>","protected":false},"excerpt":{"rendered":"<p>El concepto y el visual del iPhone 7 ya no son un misterio para nosotros desde que Apple comenz\u00f3 a introducir su \u00faltima generaci\u00f3n iPhone 6. Pero ahora lo que se revela en el Internet \u00faltimamente es un concepto nuevo y super interesante: el visual del iPhone 7cs iPhone 7cs concepto: cuerpo con 20 metales [&hellip;]<\/p>\n","protected":false},"author":1,"featured_media":13024,"comment_status":"open","ping_status":"open","sticky":false,"template":"","format":"standard","meta":[],"categories":[7],"tags":[58,218],"acf":[],"yoast_head":"<!-- This site is optimized with the Yoast SEO plugin v20.10 - https:\/\/yoast.com\/wordpress\/plugins\/seo\/ -->\n<title>iPhone 7cs concepto: c\u00e1mara doble y visual exclusivo - Price Pony<\/title>\n<meta name=\"description\" content=\"El concepto y el visual del iPhone 7 ya no son un misterio para nosotros desde que Apple comenz\u00f3 a introducir su \u00faltima generaci\u00f3n iPhone 6. Pero ahora...\" \/>\n<meta name=\"robots\" content=\"index, follow, max-snippet:-1, max-image-preview:large, max-video-preview:-1\" \/>\n<link rel=\"canonical\" href=\"https:\/\/www.pricepony.co\/blog\/iphone-7cs-concepto-camara-doble-visual-exclusivo\/\" \/>\n<meta property=\"og:locale\" content=\"es_ES\" \/>\n<meta property=\"og:type\" content=\"article\" \/>\n<meta property=\"og:title\" content=\"iPhone 7cs concepto: c\u00e1mara doble y visual exclusivo - Price Pony\" \/>\n<meta property=\"og:description\" content=\"El concepto y el visual del iPhone 7 ya no son un misterio para nosotros desde que Apple comenz\u00f3 a introducir su \u00faltima generaci\u00f3n iPhone 6. Pero ahora...\" \/>\n<meta property=\"og:url\" content=\"https:\/\/www.pricepony.co\/blog\/iphone-7cs-concepto-camara-doble-visual-exclusivo\/\" \/>\n<meta property=\"og:site_name\" content=\"Price Pony\" \/>\n<meta property=\"article:published_time\" content=\"2016-08-01T20:07:50+00:00\" \/>\n<meta property=\"og:image\" content=\"http:\/\/www.pricepony.co\/blog\/wp-content\/uploads\/2016\/08\/iPhone-7cs-concept-Michael-Muleba-4-768x432.jpg\" \/>\n\t<meta property=\"og:image:width\" content=\"663\" \/>\n\t<meta property=\"og:image:height\" content=\"403\" \/>\n\t<meta property=\"og:image:type\" content=\"image\/jpeg\" \/>\n<meta name=\"author\" content=\"Chris Eilers\" \/>\n<meta name=\"twitter:card\" content=\"summary_large_image\" \/>\n<meta name=\"twitter:label1\" content=\"Written by\" \/>\n\t<meta name=\"twitter:data1\" content=\"Chris Eilers\" \/>\n\t<meta name=\"twitter:label2\" content=\"Est. reading time\" \/>\n\t<meta name=\"twitter:data2\" content=\"2 minutos\" \/>\n<script type=\"application\/ld+json\" class=\"yoast-schema-graph\">{\"@context\":\"https:\/\/schema.org\",\"@graph\":[{\"@type\":\"WebPage\",\"@id\":\"https:\/\/www.pricepony.co\/blog\/iphone-7cs-concepto-camara-doble-visual-exclusivo\/\",\"url\":\"https:\/\/www.pricepony.co\/blog\/iphone-7cs-concepto-camara-doble-visual-exclusivo\/\",\"name\":\"iPhone 7cs concepto: c\u00e1mara doble y visual exclusivo - Price Pony\",\"isPartOf\":{\"@id\":\"https:\/\/www.pricepony.co\/blog\/#website\"},\"datePublished\":\"2016-08-01T20:07:50+00:00\",\"dateModified\":\"2016-08-01T20:07:50+00:00\",\"author\":{\"@id\":\"https:\/\/www.pricepony.co\/blog\/#\/schema\/person\/c338807e08d2e0642a2680633342a0b6\"},\"description\":\"El concepto y el visual del iPhone 7 ya no son un misterio para nosotros desde que Apple comenz\u00f3 a introducir su \u00faltima generaci\u00f3n iPhone 6. Pero ahora...\",\"breadcrumb\":{\"@id\":\"https:\/\/www.pricepony.co\/blog\/iphone-7cs-concepto-camara-doble-visual-exclusivo\/#breadcrumb\"},\"inLanguage\":\"es\",\"potentialAction\":[{\"@type\":\"ReadAction\",\"target\":[\"https:\/\/www.pricepony.co\/blog\/iphone-7cs-concepto-camara-doble-visual-exclusivo\/\"]}]},{\"@type\":\"BreadcrumbList\",\"@id\":\"https:\/\/www.pricepony.co\/blog\/iphone-7cs-concepto-camara-doble-visual-exclusivo\/#breadcrumb\",\"itemListElement\":[{\"@type\":\"ListItem\",\"position\":1,\"name\":\"Home\",\"item\":\"https:\/\/www.pricepony.co\/blog\/\"},{\"@type\":\"ListItem\",\"position\":2,\"name\":\"iPhone 7cs concepto: c\u00e1mara doble y visual exclusivo\"}]},{\"@type\":\"WebSite\",\"@id\":\"https:\/\/www.pricepony.co\/blog\/#website\",\"url\":\"https:\/\/www.pricepony.co\/blog\/\",\"name\":\"Price Pony\",\"description\":\"www.pricepony.co\",\"potentialAction\":[{\"@type\":\"SearchAction\",\"target\":{\"@type\":\"EntryPoint\",\"urlTemplate\":\"https:\/\/www.pricepony.co\/blog\/?s={search_term_string}\"},\"query-input\":\"required name=search_term_string\"}],\"inLanguage\":\"es\"},{\"@type\":\"Person\",\"@id\":\"https:\/\/www.pricepony.co\/blog\/#\/schema\/person\/c338807e08d2e0642a2680633342a0b6\",\"name\":\"Chris Eilers\",\"image\":{\"@type\":\"ImageObject\",\"inLanguage\":\"es\",\"@id\":\"https:\/\/www.pricepony.co\/blog\/#\/schema\/person\/image\/\",\"url\":\"https:\/\/secure.gravatar.com\/avatar\/b0e7458ba85153c845f5f5e8fb3f7881?s=96&d=mm&r=g\",\"contentUrl\":\"https:\/\/secure.gravatar.com\/avatar\/b0e7458ba85153c845f5f5e8fb3f7881?s=96&d=mm&r=g\",\"caption\":\"Chris Eilers\"},\"description\":\"Chris is an experienced Digital Marketer and Growth Hacker with work experience in Mckinsey Germany and Rocket Internet Asia. He is the CEO of Oizoioi Malaysia and actively engaged in the Startup Scene in South East Asia.\",\"url\":\"https:\/\/www.pricepony.co\/blog\/author\/admin\/\"}]}<\/script>\n<!-- \/ Yoast SEO plugin. -->","yoast_head_json":{"title":"iPhone 7cs concepto: c\u00e1mara doble y visual exclusivo - Price Pony","description":"El concepto y el visual del iPhone 7 ya no son un misterio para nosotros desde que Apple comenz\u00f3 a introducir su \u00faltima generaci\u00f3n iPhone 6. Pero ahora...","robots":{"index":"index","follow":"follow","max-snippet":"max-snippet:-1","max-image-preview":"max-image-preview:large","max-video-preview":"max-video-preview:-1"},"canonical":"https:\/\/www.pricepony.co\/blog\/iphone-7cs-concepto-camara-doble-visual-exclusivo\/","og_locale":"es_ES","og_type":"article","og_title":"iPhone 7cs concepto: c\u00e1mara doble y visual exclusivo - Price Pony","og_description":"El concepto y el visual del iPhone 7 ya no son un misterio para nosotros desde que Apple comenz\u00f3 a introducir su \u00faltima generaci\u00f3n iPhone 6. Pero ahora...","og_url":"https:\/\/www.pricepony.co\/blog\/iphone-7cs-concepto-camara-doble-visual-exclusivo\/","og_site_name":"Price Pony","article_published_time":"2016-08-01T20:07:50+00:00","og_image":[{"width":663,"height":403,"url":"http:\/\/www.pricepony.co\/blog\/wp-content\/uploads\/2016\/08\/iPhone-7cs-concept-Michael-Muleba-4-768x432.jpg","type":"image\/jpeg"}],"author":"Chris Eilers","twitter_card":"summary_large_image","twitter_misc":{"Written by":"Chris Eilers","Est. reading time":"2 minutos"},"schema":{"@context":"https:\/\/schema.org","@graph":[{"@type":"WebPage","@id":"https:\/\/www.pricepony.co\/blog\/iphone-7cs-concepto-camara-doble-visual-exclusivo\/","url":"https:\/\/www.pricepony.co\/blog\/iphone-7cs-concepto-camara-doble-visual-exclusivo\/","name":"iPhone 7cs concepto: c\u00e1mara doble y visual exclusivo - Price Pony","isPartOf":{"@id":"https:\/\/www.pricepony.co\/blog\/#website"},"datePublished":"2016-08-01T20:07:50+00:00","dateModified":"2016-08-01T20:07:50+00:00","author":{"@id":"https:\/\/www.pricepony.co\/blog\/#\/schema\/person\/c338807e08d2e0642a2680633342a0b6"},"description":"El concepto y el visual del iPhone 7 ya no son un misterio para nosotros desde que Apple comenz\u00f3 a introducir su \u00faltima generaci\u00f3n iPhone 6. Pero ahora...","breadcrumb":{"@id":"https:\/\/www.pricepony.co\/blog\/iphone-7cs-concepto-camara-doble-visual-exclusivo\/#breadcrumb"},"inLanguage":"es","potentialAction":[{"@type":"ReadAction","target":["https:\/\/www.pricepony.co\/blog\/iphone-7cs-concepto-camara-doble-visual-exclusivo\/"]}]},{"@type":"BreadcrumbList","@id":"https:\/\/www.pricepony.co\/blog\/iphone-7cs-concepto-camara-doble-visual-exclusivo\/#breadcrumb","itemListElement":[{"@type":"ListItem","position":1,"name":"Home","item":"https:\/\/www.pricepony.co\/blog\/"},{"@type":"ListItem","position":2,"name":"iPhone 7cs concepto: c\u00e1mara doble y visual exclusivo"}]},{"@type":"WebSite","@id":"https:\/\/www.pricepony.co\/blog\/#website","url":"https:\/\/www.pricepony.co\/blog\/","name":"Price Pony","description":"www.pricepony.co","potentialAction":[{"@type":"SearchAction","target":{"@type":"EntryPoint","urlTemplate":"https:\/\/www.pricepony.co\/blog\/?s={search_term_string}"},"query-input":"required name=search_term_string"}],"inLanguage":"es"},{"@type":"Person","@id":"https:\/\/www.pricepony.co\/blog\/#\/schema\/person\/c338807e08d2e0642a2680633342a0b6","name":"Chris Eilers","image":{"@type":"ImageObject","inLanguage":"es","@id":"https:\/\/www.pricepony.co\/blog\/#\/schema\/person\/image\/","url":"https:\/\/secure.gravatar.com\/avatar\/b0e7458ba85153c845f5f5e8fb3f7881?s=96&d=mm&r=g","contentUrl":"https:\/\/secure.gravatar.com\/avatar\/b0e7458ba85153c845f5f5e8fb3f7881?s=96&d=mm&r=g","caption":"Chris Eilers"},"description":"Chris is an experienced Digital Marketer and Growth Hacker with work experience in Mckinsey Germany and Rocket Internet Asia. He is the CEO of Oizoioi Malaysia and actively engaged in the Startup Scene in South East Asia.","url":"https:\/\/www.pricepony.co\/blog\/author\/admin\/"}]}},"_links":{"self":[{"href":"https:\/\/www.pricepony.co\/blog\/wp-json\/wp\/v2\/posts\/13022"}],"collection":[{"href":"https:\/\/www.pricepony.co\/blog\/wp-json\/wp\/v2\/posts"}],"about":[{"href":"https:\/\/www.pricepony.co\/blog\/wp-json\/wp\/v2\/types\/post"}],"author":[{"embeddable":true,"href":"https:\/\/www.pricepony.co\/blog\/wp-json\/wp\/v2\/users\/1"}],"replies":[{"embeddable":true,"href":"https:\/\/www.pricepony.co\/blog\/wp-json\/wp\/v2\/comments?post=13022"}],"version-history":[{"count":0,"href":"https:\/\/www.pricepony.co\/blog\/wp-json\/wp\/v2\/posts\/13022\/revisions"}],"wp:featuredmedia":[{"embeddable":true,"href":"https:\/\/www.pricepony.co\/blog\/wp-json\/wp\/v2\/media\/13024"}],"wp:attachment":[{"href":"https:\/\/www.pricepony.co\/blog\/wp-json\/wp\/v2\/media?parent=13022"}],"wp:term":[{"taxonomy":"category","embeddable":true,"href":"https:\/\/www.pricepony.co\/blog\/wp-json\/wp\/v2\/categories?post=13022"},{"taxonomy":"post_tag","embeddable":true,"href":"https:\/\/www.pricepony.co\/blog\/wp-json\/wp\/v2\/tags?post=13022"}],"curies":[{"name":"wp","href":"https:\/\/api.w.org\/{rel}","templated":true}]}}