{"id":13403,"date":"2016-09-15T22:00:37","date_gmt":"2016-09-15T15:00:37","guid":{"rendered":"http:\/\/www.pricepony.co\/blog\/?p=13403"},"modified":"2016-09-15T22:00:37","modified_gmt":"2016-09-15T15:00:37","slug":"precio-iphone-7-revelado-256gb-relampago-earpods","status":"publish","type":"post","link":"https:\/\/www.pricepony.co\/blog\/precio-iphone-7-revelado-256gb-relampago-earpods\/","title":{"rendered":"\u00bfPrecio de iPhone 7 revelado, con 256GB y rel\u00e1mpago EarPods?"},"content":{"rendered":"<div class=\"c7dbaaac4b7db479fbcf8dd8a0e17e48\" data-index=\"1\" style=\"float: none; margin:10px 0 10px 0; text-align:center;\">\n<!-- Top Banner PH NEW -->\r\n<ins class=\"adsbygoogle\"\r\n     style=\"display:inline-block;width:728px;height:90px\"\r\n     data-ad-client=\"ca-pub-4796993490224996\"\r\n     data-ad-slot=\"9195989669\"><\/ins>\r\n<script>(adsbygoogle = window.adsbygoogle || []).push({});<\/script>\n<\/div>\n<p><strong>Con el evento de Apple acercando d\u00eda a d\u00eda, tenemos a\u00fan m\u00e1s noticias, filtraciones, rumores y confirmaciones. Hoy en d\u00eda recibimos el iPhone 7 confirmaci\u00f3n de precio, as\u00ed como algunos rumores. Vamos a comprobar a cabo!<\/strong><\/p><center><!-- \/69139267\/pricepony\/\/co\/\/top-ad -->\r\n<div id='div-gpt-ad-1497747800626-0' style='height:90px; width:728px;'>\r\n<script>\r\ngoogletag.cmd.push(function() { googletag.display('div-gpt-ad-1497747800626-0'); });\r\n<\/script>\r\n<\/div><\/center><\/p>\n<p><img decoding=\"async\" loading=\"lazy\" class=\"aligncenter wp-image-27682 size-full\" src=\"data:image\/gif;base64,R0lGODlhAQABAIAAAAAAAP\/\/\/yH5BAEAAAAALAAAAAABAAEAAAIBRAA7\" data-src=\"http:\/\/www.pricepony.com.my\/blog\/wp-content\/uploads\/2016\/09\/apple-developing-flexible-oled-screen-for-future-iphone-model-497707-2-e1472716700727.jpg\" alt=\"IPhone 7 precio\" width=\"500\" height=\"250\" \/ \/><\/p>\n<h3><strong>IPhone 7 rumor: 32 y 256 GB variantes, <\/strong><strong>Rel\u00e1mpago<\/strong><strong> EarPods incluido?<\/strong><\/h3>\n<p>Antes de ir para el iPhone 7 El precio, veamos algunos rumores de primera! Hemos escuchado acerca de Apple quitando la normal salida de auriculares de 3,5 mm y el nuevo EarPods se conectar\u00e1 a trav\u00e9s del rayo puerto. Parece que el rumor pueda ser cierto despu\u00e9s de todo. Seg\u00fan la hoja de especificaciones que fue publicado en chino sitio de medios sociales Weibo, el nuevo rayo EarPods ser\u00e1 incluido en la caja. Lo que es m\u00e1s, tambi\u00e9n vamos a obtener el rel\u00e1mpago a-3.5mm auricular adaptador .Esta es una gran noticia para quienes a\u00fan prefieren utilizar 3.5mmm-jack de auriculares, si es cierto.<\/p>\n<p>Seg\u00fan la misma fuente, tambi\u00e9n habr\u00e1 variantes de iPhone 7 \/ 7 Plus con 32 GB y 256 GB, junto con los 128 GB que se ha anunciado antes. Desde iPhone 6 \/ 6 Plus, ha habido 3 variantes de cada iPhone modelo: 16 GB, 64 GB y 128 GB. Entre ellos, el de 16GB Variant se ha criticado mucho, porque ofrece muy poco espacio para su almacenamiento. Con esta medida, podemos ver que Apple finalmente decide abandonar el almacenaje peque\u00f1o, versi\u00f3n y comenzar\u00e1 con 32 GB por lo menos, lo cual es una gran noticia, si es cierto como bien.<\/p><center><!-- \/69139267\/pricepony\/\/co\/\/middle-ad-desktop-1 -->\r\n<div id='div-gpt-ad-1497753531996-0' style='height:280px; width:336px;' class=\"dfp-slot-inline\">\r\n<script>\r\ngoogletag.cmd.push(function() { googletag.display('div-gpt-ad-1497753531996-0'); });\r\n<\/script>\r\n<\/div>\r\n\r\n<!-- \/69139267\/pricepony\/\/co\/\/middle-desktop-2 -->\r\n<div id='div-gpt-ad-1497753467527-0' style='height:280px; width:336px;' class=\"dfp-slot-inline\">\r\n<script>\r\ngoogletag.cmd.push(function() { googletag.display('div-gpt-ad-1497753467527-0'); });\r\n<\/script>\r\n<\/div><\/center><\/p>\n<p><img decoding=\"async\" loading=\"lazy\" class=\"aligncenter wp-image-27676 size-full\" src=\"data:image\/gif;base64,R0lGODlhAQABAIAAAAAAAP\/\/\/yH5BAEAAAAALAAAAAABAAEAAAIBRAA7\" data-src=\"http:\/\/www.pricepony.com.my\/blog\/wp-content\/uploads\/2016\/09\/maxresdefault-2-e1472715987507.jpg\" alt=\"IPhone 7 precio\" width=\"400\" height=\"250\" \/ \/><\/p>\n<p>Por supuesto, con el Apple anuncio d\u00eda acercarse, no cabe duda de que vamos a tener un mont\u00f3n de supuestas \u00abfiltraciones\u00bb y rumores. No hay garant\u00eda de que todos y cada uno de ellos es verdadero. Con eso dicho, es mejor tomar cada rumor con una pizca de sal, y esperar el anuncio oficial de Apple, o al menos algunas fuentes confiables. Ahora veremos el iPhone 7 precio!<\/p>\n<h3><strong>IPhone 7 precio revelado!<\/strong><\/h3>\n<p>Por \u00faltimo, obtenemos este pedazo de informaci\u00f3n importante: cu\u00e1nto es el nuevo iPhone 7 \/ 7 m\u00e1s el precio va a ser. PhoneRadar afirma que el precio oficial de la nueva gama de iPhone. El iPhone 7 de 32GB costar\u00e1 $790, mientras que los 7 m\u00e1s del mismo almacenamiento es de $910. El iPhone 7 \/ 7 Plus duo con 128GB tendr\u00e1 un precio de $910 y $1.030, respectivamente. Finalmente, los 256 GB variante de iPhone 7 \/ 7 Plus ser\u00e1 de $1.064 y $1.180. \u00bfCrees que el precio del nuevo iPhone lineup es razonable?<\/p>\n\n<div style=\"font-size: 0px; height: 0px; line-height: 0px; margin: 0; padding: 0; clear: both;\"><\/div><center><!-- \/69139267\/pricepony\/\/co\/\/bottom-ad-desktop -->\r\n<div id='div-gpt-ad-1497753376271-0' style='height:280px; width:336px;'>\r\n<script>\r\ngoogletag.cmd.push(function() { googletag.display('div-gpt-ad-1497753376271-0'); });\r\n<\/script>\r\n<\/div><\/center>","protected":false},"excerpt":{"rendered":"<p>Con el evento de Apple acercando d\u00eda a d\u00eda, tenemos a\u00fan m\u00e1s noticias, filtraciones, rumores y confirmaciones. Hoy en d\u00eda recibimos el iPhone 7 confirmaci\u00f3n de precio, as\u00ed como algunos rumores. Vamos a comprobar a cabo! IPhone 7 rumor: 32 y 256 GB variantes, Rel\u00e1mpago EarPods incluido? Antes de ir para el iPhone 7 El [&hellip;]<\/p>\n","protected":false},"author":1,"featured_media":13404,"comment_status":"open","ping_status":"open","sticky":false,"template":"","format":"standard","meta":[],"categories":[7],"tags":[56,105],"acf":[],"yoast_head":"<!-- This site is optimized with the Yoast SEO plugin v20.10 - https:\/\/yoast.com\/wordpress\/plugins\/seo\/ -->\n<title>\u00bfPrecio de iPhone 7 revelado, con 256GB y rel\u00e1mpago EarPods? - Price Pony<\/title>\n<meta name=\"description\" content=\"Con el evento de Apple acercando d\u00eda a d\u00eda, tenemos a\u00fan m\u00e1s noticias, filtraciones, rumores y confirmaciones. Hoy en d\u00eda recibimos el... IPhone 7 precio...\" \/>\n<meta name=\"robots\" content=\"index, follow, max-snippet:-1, max-image-preview:large, max-video-preview:-1\" \/>\n<link rel=\"canonical\" href=\"https:\/\/www.pricepony.co\/blog\/precio-iphone-7-revelado-256gb-relampago-earpods\/\" \/>\n<meta property=\"og:locale\" content=\"es_ES\" \/>\n<meta property=\"og:type\" content=\"article\" \/>\n<meta property=\"og:title\" content=\"\u00bfPrecio de iPhone 7 revelado, con 256GB y rel\u00e1mpago EarPods? - Price Pony\" \/>\n<meta property=\"og:description\" content=\"Con el evento de Apple acercando d\u00eda a d\u00eda, tenemos a\u00fan m\u00e1s noticias, filtraciones, rumores y confirmaciones. Hoy en d\u00eda recibimos el... IPhone 7 precio...\" \/>\n<meta property=\"og:url\" content=\"https:\/\/www.pricepony.co\/blog\/precio-iphone-7-revelado-256gb-relampago-earpods\/\" \/>\n<meta property=\"og:site_name\" content=\"Price Pony\" \/>\n<meta property=\"article:published_time\" content=\"2016-09-15T15:00:37+00:00\" \/>\n<meta property=\"og:image\" content=\"http:\/\/www.pricepony.co\/blog\/wp-content\/uploads\/2016\/09\/1409108579546.jpg\" \/>\n\t<meta property=\"og:image:width\" content=\"640\" \/>\n\t<meta property=\"og:image:height\" content=\"314\" \/>\n\t<meta property=\"og:image:type\" content=\"image\/jpeg\" \/>\n<meta name=\"author\" content=\"Chris Eilers\" \/>\n<meta name=\"twitter:card\" content=\"summary_large_image\" \/>\n<meta name=\"twitter:label1\" content=\"Written by\" \/>\n\t<meta name=\"twitter:data1\" content=\"Chris Eilers\" \/>\n\t<meta name=\"twitter:label2\" content=\"Est. reading time\" \/>\n\t<meta name=\"twitter:data2\" content=\"2 minutos\" \/>\n<script type=\"application\/ld+json\" class=\"yoast-schema-graph\">{\"@context\":\"https:\/\/schema.org\",\"@graph\":[{\"@type\":\"WebPage\",\"@id\":\"https:\/\/www.pricepony.co\/blog\/precio-iphone-7-revelado-256gb-relampago-earpods\/\",\"url\":\"https:\/\/www.pricepony.co\/blog\/precio-iphone-7-revelado-256gb-relampago-earpods\/\",\"name\":\"\u00bfPrecio de iPhone 7 revelado, con 256GB y rel\u00e1mpago EarPods? - Price Pony\",\"isPartOf\":{\"@id\":\"https:\/\/www.pricepony.co\/blog\/#website\"},\"datePublished\":\"2016-09-15T15:00:37+00:00\",\"dateModified\":\"2016-09-15T15:00:37+00:00\",\"author\":{\"@id\":\"https:\/\/www.pricepony.co\/blog\/#\/schema\/person\/c338807e08d2e0642a2680633342a0b6\"},\"description\":\"Con el evento de Apple acercando d\u00eda a d\u00eda, tenemos a\u00fan m\u00e1s noticias, filtraciones, rumores y confirmaciones. Hoy en d\u00eda recibimos el... IPhone 7 precio...\",\"breadcrumb\":{\"@id\":\"https:\/\/www.pricepony.co\/blog\/precio-iphone-7-revelado-256gb-relampago-earpods\/#breadcrumb\"},\"inLanguage\":\"es\",\"potentialAction\":[{\"@type\":\"ReadAction\",\"target\":[\"https:\/\/www.pricepony.co\/blog\/precio-iphone-7-revelado-256gb-relampago-earpods\/\"]}]},{\"@type\":\"BreadcrumbList\",\"@id\":\"https:\/\/www.pricepony.co\/blog\/precio-iphone-7-revelado-256gb-relampago-earpods\/#breadcrumb\",\"itemListElement\":[{\"@type\":\"ListItem\",\"position\":1,\"name\":\"Home\",\"item\":\"https:\/\/www.pricepony.co\/blog\/\"},{\"@type\":\"ListItem\",\"position\":2,\"name\":\"\u00bfPrecio de iPhone 7 revelado, con 256GB y rel\u00e1mpago EarPods?\"}]},{\"@type\":\"WebSite\",\"@id\":\"https:\/\/www.pricepony.co\/blog\/#website\",\"url\":\"https:\/\/www.pricepony.co\/blog\/\",\"name\":\"Price Pony\",\"description\":\"www.pricepony.co\",\"potentialAction\":[{\"@type\":\"SearchAction\",\"target\":{\"@type\":\"EntryPoint\",\"urlTemplate\":\"https:\/\/www.pricepony.co\/blog\/?s={search_term_string}\"},\"query-input\":\"required name=search_term_string\"}],\"inLanguage\":\"es\"},{\"@type\":\"Person\",\"@id\":\"https:\/\/www.pricepony.co\/blog\/#\/schema\/person\/c338807e08d2e0642a2680633342a0b6\",\"name\":\"Chris Eilers\",\"image\":{\"@type\":\"ImageObject\",\"inLanguage\":\"es\",\"@id\":\"https:\/\/www.pricepony.co\/blog\/#\/schema\/person\/image\/\",\"url\":\"https:\/\/secure.gravatar.com\/avatar\/b0e7458ba85153c845f5f5e8fb3f7881?s=96&d=mm&r=g\",\"contentUrl\":\"https:\/\/secure.gravatar.com\/avatar\/b0e7458ba85153c845f5f5e8fb3f7881?s=96&d=mm&r=g\",\"caption\":\"Chris Eilers\"},\"description\":\"Chris is an experienced Digital Marketer and Growth Hacker with work experience in Mckinsey Germany and Rocket Internet Asia. He is the CEO of Oizoioi Malaysia and actively engaged in the Startup Scene in South East Asia.\",\"url\":\"https:\/\/www.pricepony.co\/blog\/author\/admin\/\"}]}<\/script>\n<!-- \/ Yoast SEO plugin. -->","yoast_head_json":{"title":"\u00bfPrecio de iPhone 7 revelado, con 256GB y rel\u00e1mpago EarPods? - Price Pony","description":"Con el evento de Apple acercando d\u00eda a d\u00eda, tenemos a\u00fan m\u00e1s noticias, filtraciones, rumores y confirmaciones. Hoy en d\u00eda recibimos el... IPhone 7 precio...","robots":{"index":"index","follow":"follow","max-snippet":"max-snippet:-1","max-image-preview":"max-image-preview:large","max-video-preview":"max-video-preview:-1"},"canonical":"https:\/\/www.pricepony.co\/blog\/precio-iphone-7-revelado-256gb-relampago-earpods\/","og_locale":"es_ES","og_type":"article","og_title":"\u00bfPrecio de iPhone 7 revelado, con 256GB y rel\u00e1mpago EarPods? - Price Pony","og_description":"Con el evento de Apple acercando d\u00eda a d\u00eda, tenemos a\u00fan m\u00e1s noticias, filtraciones, rumores y confirmaciones. Hoy en d\u00eda recibimos el... IPhone 7 precio...","og_url":"https:\/\/www.pricepony.co\/blog\/precio-iphone-7-revelado-256gb-relampago-earpods\/","og_site_name":"Price Pony","article_published_time":"2016-09-15T15:00:37+00:00","og_image":[{"width":640,"height":314,"url":"http:\/\/www.pricepony.co\/blog\/wp-content\/uploads\/2016\/09\/1409108579546.jpg","type":"image\/jpeg"}],"author":"Chris Eilers","twitter_card":"summary_large_image","twitter_misc":{"Written by":"Chris Eilers","Est. reading time":"2 minutos"},"schema":{"@context":"https:\/\/schema.org","@graph":[{"@type":"WebPage","@id":"https:\/\/www.pricepony.co\/blog\/precio-iphone-7-revelado-256gb-relampago-earpods\/","url":"https:\/\/www.pricepony.co\/blog\/precio-iphone-7-revelado-256gb-relampago-earpods\/","name":"\u00bfPrecio de iPhone 7 revelado, con 256GB y rel\u00e1mpago EarPods? - Price Pony","isPartOf":{"@id":"https:\/\/www.pricepony.co\/blog\/#website"},"datePublished":"2016-09-15T15:00:37+00:00","dateModified":"2016-09-15T15:00:37+00:00","author":{"@id":"https:\/\/www.pricepony.co\/blog\/#\/schema\/person\/c338807e08d2e0642a2680633342a0b6"},"description":"Con el evento de Apple acercando d\u00eda a d\u00eda, tenemos a\u00fan m\u00e1s noticias, filtraciones, rumores y confirmaciones. Hoy en d\u00eda recibimos el... IPhone 7 precio...","breadcrumb":{"@id":"https:\/\/www.pricepony.co\/blog\/precio-iphone-7-revelado-256gb-relampago-earpods\/#breadcrumb"},"inLanguage":"es","potentialAction":[{"@type":"ReadAction","target":["https:\/\/www.pricepony.co\/blog\/precio-iphone-7-revelado-256gb-relampago-earpods\/"]}]},{"@type":"BreadcrumbList","@id":"https:\/\/www.pricepony.co\/blog\/precio-iphone-7-revelado-256gb-relampago-earpods\/#breadcrumb","itemListElement":[{"@type":"ListItem","position":1,"name":"Home","item":"https:\/\/www.pricepony.co\/blog\/"},{"@type":"ListItem","position":2,"name":"\u00bfPrecio de iPhone 7 revelado, con 256GB y rel\u00e1mpago EarPods?"}]},{"@type":"WebSite","@id":"https:\/\/www.pricepony.co\/blog\/#website","url":"https:\/\/www.pricepony.co\/blog\/","name":"Price Pony","description":"www.pricepony.co","potentialAction":[{"@type":"SearchAction","target":{"@type":"EntryPoint","urlTemplate":"https:\/\/www.pricepony.co\/blog\/?s={search_term_string}"},"query-input":"required name=search_term_string"}],"inLanguage":"es"},{"@type":"Person","@id":"https:\/\/www.pricepony.co\/blog\/#\/schema\/person\/c338807e08d2e0642a2680633342a0b6","name":"Chris Eilers","image":{"@type":"ImageObject","inLanguage":"es","@id":"https:\/\/www.pricepony.co\/blog\/#\/schema\/person\/image\/","url":"https:\/\/secure.gravatar.com\/avatar\/b0e7458ba85153c845f5f5e8fb3f7881?s=96&d=mm&r=g","contentUrl":"https:\/\/secure.gravatar.com\/avatar\/b0e7458ba85153c845f5f5e8fb3f7881?s=96&d=mm&r=g","caption":"Chris Eilers"},"description":"Chris is an experienced Digital Marketer and Growth Hacker with work experience in Mckinsey Germany and Rocket Internet Asia. He is the CEO of Oizoioi Malaysia and actively engaged in the Startup Scene in South East Asia.","url":"https:\/\/www.pricepony.co\/blog\/author\/admin\/"}]}},"_links":{"self":[{"href":"https:\/\/www.pricepony.co\/blog\/wp-json\/wp\/v2\/posts\/13403"}],"collection":[{"href":"https:\/\/www.pricepony.co\/blog\/wp-json\/wp\/v2\/posts"}],"about":[{"href":"https:\/\/www.pricepony.co\/blog\/wp-json\/wp\/v2\/types\/post"}],"author":[{"embeddable":true,"href":"https:\/\/www.pricepony.co\/blog\/wp-json\/wp\/v2\/users\/1"}],"replies":[{"embeddable":true,"href":"https:\/\/www.pricepony.co\/blog\/wp-json\/wp\/v2\/comments?post=13403"}],"version-history":[{"count":0,"href":"https:\/\/www.pricepony.co\/blog\/wp-json\/wp\/v2\/posts\/13403\/revisions"}],"wp:featuredmedia":[{"embeddable":true,"href":"https:\/\/www.pricepony.co\/blog\/wp-json\/wp\/v2\/media\/13404"}],"wp:attachment":[{"href":"https:\/\/www.pricepony.co\/blog\/wp-json\/wp\/v2\/media?parent=13403"}],"wp:term":[{"taxonomy":"category","embeddable":true,"href":"https:\/\/www.pricepony.co\/blog\/wp-json\/wp\/v2\/categories?post=13403"},{"taxonomy":"post_tag","embeddable":true,"href":"https:\/\/www.pricepony.co\/blog\/wp-json\/wp\/v2\/tags?post=13403"}],"curies":[{"name":"wp","href":"https:\/\/api.w.org\/{rel}","templated":true}]}}