{"id":13596,"date":"2016-10-13T13:28:58","date_gmt":"2016-10-13T06:28:58","guid":{"rendered":"http:\/\/www.pricepony.co\/blog\/?p=13596"},"modified":"2016-10-13T13:28:58","modified_gmt":"2016-10-13T06:28:58","slug":"galaxy-nota-7-se-paro-la-produccion-informes-samsung","status":"publish","type":"post","link":"https:\/\/www.pricepony.co\/blog\/galaxy-nota-7-se-paro-la-produccion-informes-samsung\/","title":{"rendered":"Galaxy Nota 7 se par\u00f3 la producci\u00f3n &#8211; informes Samsung"},"content":{"rendered":"<div class=\"c7dbaaac4b7db479fbcf8dd8a0e17e48\" data-index=\"1\" style=\"float: none; margin:10px 0 10px 0; text-align:center;\">\n<!-- Top Banner PH NEW -->\r\n<ins class=\"adsbygoogle\"\r\n     style=\"display:inline-block;width:728px;height:90px\"\r\n     data-ad-client=\"ca-pub-4796993490224996\"\r\n     data-ad-slot=\"9195989669\"><\/ins>\r\n<script>(adsbygoogle = window.adsbygoogle || []).push({});<\/script>\n<\/div>\n<p><strong>En los m\u00e1s recientes informes Yonhap News Agency en Corea del Sur, Samsung est\u00e1 a punto de abandonar la producci\u00f3n de Galaxy Nota 7. \u00bfCu\u00e1l es la historia detr\u00e1s de esta decisi\u00f3n?<\/strong><\/p><center><!-- \/69139267\/pricepony\/\/co\/\/top-ad -->\r\n<div id='div-gpt-ad-1497747800626-0' style='height:90px; width:728px;'>\r\n<script>\r\ngoogletag.cmd.push(function() { googletag.display('div-gpt-ad-1497747800626-0'); });\r\n<\/script>\r\n<\/div><\/center><\/p>\n<p><img decoding=\"async\" loading=\"lazy\" class=\"wp-image-28227 aligncenter\" src=\"data:image\/gif;base64,R0lGODlhAQABAIAAAAAAAP\/\/\/yH5BAEAAAAALAAAAAABAAEAAAIBRAA7\" data-src=\"http:\/\/www.pricepony.com.ph\/blog\/wp-content\/uploads\/2016\/10\/note-7-ex.jpg\" alt=\"Samsung Galaxy Note 7\" width=\"477\" height=\"250\" \/ \/><\/p>\n<h3><strong>Samsung Galaxy nota 7 \u2013 est\u00e1 llegando a su fin<\/strong><\/h3>\n<p>Seg\u00fan Yonhap News Agency, Samsung ha decidido detener temporalmente la producci\u00f3n de Galaxy Nota 7 por ahora. Como Yonhap revel\u00f3, esta informaci\u00f3n fue filtrada por uno de los socios de Samsung. Sin duda esta es la consecuencia de una serie de desafortunados informes relativos a la explosi\u00f3n de este caro emblem\u00e1tico. Tras varios intentos de recuperar y reemplazar los art\u00edculos vendidos que result\u00f3 in\u00fatil, en la actualidad, el gobierno de Corea del Sur oficialmente avisa a los usuarios para no cargar o utilizar Galaxy Nota 7 en aviones.<\/p>\n<p>El Galaxy Note 7, durante un per\u00edodo de tiempo tan largo, antes del incidente, fue uno de los m\u00e1s esperados tel\u00e9fonos en 2016. Fue lanzado a principios de agosto con potentes activos, atractivos, experto c\u00e1maras y un dise\u00f1o distintivo. En ese momento, este tel\u00e9fono se cree para ser un duro rival del iPhone 7 de Apple. Sin embargo, como los tel\u00e9fonos mantienen estallan en distintas situaciones, todas las anticipaciones amargamente se convirti\u00f3 en una enorme decepci\u00f3n.<\/p><center><!-- \/69139267\/pricepony\/\/co\/\/middle-ad-desktop-1 -->\r\n<div id='div-gpt-ad-1497753531996-0' style='height:280px; width:336px;' class=\"dfp-slot-inline\">\r\n<script>\r\ngoogletag.cmd.push(function() { googletag.display('div-gpt-ad-1497753531996-0'); });\r\n<\/script>\r\n<\/div>\r\n\r\n<!-- \/69139267\/pricepony\/\/co\/\/middle-desktop-2 -->\r\n<div id='div-gpt-ad-1497753467527-0' style='height:280px; width:336px;' class=\"dfp-slot-inline\">\r\n<script>\r\ngoogletag.cmd.push(function() { googletag.display('div-gpt-ad-1497753467527-0'); });\r\n<\/script>\r\n<\/div><\/center><\/p>\n<p><img decoding=\"async\" loading=\"lazy\" class=\"aligncenter wp-image-28228\" src=\"data:image\/gif;base64,R0lGODlhAQABAIAAAAAAAP\/\/\/yH5BAEAAAAALAAAAAABAAEAAAIBRAA7\" data-src=\"http:\/\/www.pricepony.com.ph\/blog\/wp-content\/uploads\/2016\/10\/note-7.jpg\" alt=\"Samsung Galaxy Note 7\" width=\"445\" height=\"250\" \/ \/><\/p>\n<p>Despu\u00e9s de la nota 7 del esc\u00e1ndalo, la gente aprecia Samsung esfuerzos para recuperar y reemplazar \u00bb Fallo\u00bb Nota 7 en el mercado global, con la esperanza de salvar la reputaci\u00f3n de la empresa. La mala suerte de Samsung, hasta ahora, ha habido al menos 4 casos en los que el \u00abseguro\u00bb Galaxy Nota 7 se ator\u00f3 explot\u00f3 de nuevo.<\/p>\n<h3><strong>\u00bfProducci\u00f3n de Galaxy nota 7 parada \u2013 una decisi\u00f3n sabia al fin?<\/strong><\/h3>\n<p>Despu\u00e9s de un continuo accidentes ocurren a la misma bandera, Samsung se enfrenta a muchos problemas, incluyendo una enorme p\u00e9rdida en su reputaci\u00f3n. Es este cese temporal de la Nota 7 de la producci\u00f3n de su \u00faltimo esfuerzo de detener la situaci\u00f3n empeore? Como la temporada de fin de a\u00f1o es muy pronto, es el momento en que cambi\u00f3 su enfoque a la hora de garantizar la calidad de otros productos, como el pr\u00f3ximo Galaxy S8, \u00bfno crees?<\/p>\n\n<div style=\"font-size: 0px; height: 0px; line-height: 0px; margin: 0; padding: 0; clear: both;\"><\/div><center><!-- \/69139267\/pricepony\/\/co\/\/bottom-ad-desktop -->\r\n<div id='div-gpt-ad-1497753376271-0' style='height:280px; width:336px;'>\r\n<script>\r\ngoogletag.cmd.push(function() { googletag.display('div-gpt-ad-1497753376271-0'); });\r\n<\/script>\r\n<\/div><\/center>","protected":false},"excerpt":{"rendered":"<p>En los m\u00e1s recientes informes Yonhap News Agency en Corea del Sur, Samsung est\u00e1 a punto de abandonar la producci\u00f3n de Galaxy Nota 7. \u00bfCu\u00e1l es la historia detr\u00e1s de esta decisi\u00f3n? Samsung Galaxy nota 7 \u2013 est\u00e1 llegando a su fin Seg\u00fan Yonhap News Agency, Samsung ha decidido detener temporalmente la producci\u00f3n de Galaxy [&hellip;]<\/p>\n","protected":false},"author":1,"featured_media":13597,"comment_status":"open","ping_status":"open","sticky":false,"template":"","format":"standard","meta":[],"categories":[7],"tags":[10],"acf":[],"yoast_head":"<!-- This site is optimized with the Yoast SEO plugin v20.10 - https:\/\/yoast.com\/wordpress\/plugins\/seo\/ -->\n<title>Galaxy Nota 7 se par\u00f3 la producci\u00f3n - informes Samsung - Price Pony<\/title>\n<meta name=\"description\" content=\"En los m\u00e1s recientes informes Yonhap News Agency en Corea del Sur, Samsung est\u00e1 a punto de abandonar la producci\u00f3n de Galaxy Nota 7. \u00bfCu\u00e1l es la historia...\" \/>\n<meta name=\"robots\" content=\"index, follow, max-snippet:-1, max-image-preview:large, max-video-preview:-1\" \/>\n<link rel=\"canonical\" href=\"https:\/\/www.pricepony.co\/blog\/galaxy-nota-7-se-paro-la-produccion-informes-samsung\/\" \/>\n<meta property=\"og:locale\" content=\"es_ES\" \/>\n<meta property=\"og:type\" content=\"article\" \/>\n<meta property=\"og:title\" content=\"Galaxy Nota 7 se par\u00f3 la producci\u00f3n - informes Samsung - Price Pony\" \/>\n<meta property=\"og:description\" content=\"En los m\u00e1s recientes informes Yonhap News Agency en Corea del Sur, Samsung est\u00e1 a punto de abandonar la producci\u00f3n de Galaxy Nota 7. \u00bfCu\u00e1l es la historia...\" \/>\n<meta property=\"og:url\" content=\"https:\/\/www.pricepony.co\/blog\/galaxy-nota-7-se-paro-la-produccion-informes-samsung\/\" \/>\n<meta property=\"og:site_name\" content=\"Price Pony\" \/>\n<meta property=\"article:published_time\" content=\"2016-10-13T06:28:58+00:00\" \/>\n<meta property=\"og:image\" content=\"http:\/\/www.pricepony.co\/blog\/wp-content\/uploads\/2016\/10\/note-7-ex.jpg\" \/>\n\t<meta property=\"og:image:width\" content=\"800\" \/>\n\t<meta property=\"og:image:height\" content=\"419\" \/>\n\t<meta property=\"og:image:type\" content=\"image\/jpeg\" \/>\n<meta name=\"author\" content=\"Chris Eilers\" \/>\n<meta name=\"twitter:card\" content=\"summary_large_image\" \/>\n<meta name=\"twitter:label1\" content=\"Written by\" \/>\n\t<meta name=\"twitter:data1\" content=\"Chris Eilers\" \/>\n\t<meta name=\"twitter:label2\" content=\"Est. reading time\" \/>\n\t<meta name=\"twitter:data2\" content=\"2 minutos\" \/>\n<script type=\"application\/ld+json\" class=\"yoast-schema-graph\">{\"@context\":\"https:\/\/schema.org\",\"@graph\":[{\"@type\":\"WebPage\",\"@id\":\"https:\/\/www.pricepony.co\/blog\/galaxy-nota-7-se-paro-la-produccion-informes-samsung\/\",\"url\":\"https:\/\/www.pricepony.co\/blog\/galaxy-nota-7-se-paro-la-produccion-informes-samsung\/\",\"name\":\"Galaxy Nota 7 se par\u00f3 la producci\u00f3n - informes Samsung - Price Pony\",\"isPartOf\":{\"@id\":\"https:\/\/www.pricepony.co\/blog\/#website\"},\"datePublished\":\"2016-10-13T06:28:58+00:00\",\"dateModified\":\"2016-10-13T06:28:58+00:00\",\"author\":{\"@id\":\"https:\/\/www.pricepony.co\/blog\/#\/schema\/person\/c338807e08d2e0642a2680633342a0b6\"},\"description\":\"En los m\u00e1s recientes informes Yonhap News Agency en Corea del Sur, Samsung est\u00e1 a punto de abandonar la producci\u00f3n de Galaxy Nota 7. \u00bfCu\u00e1l es la historia...\",\"breadcrumb\":{\"@id\":\"https:\/\/www.pricepony.co\/blog\/galaxy-nota-7-se-paro-la-produccion-informes-samsung\/#breadcrumb\"},\"inLanguage\":\"es\",\"potentialAction\":[{\"@type\":\"ReadAction\",\"target\":[\"https:\/\/www.pricepony.co\/blog\/galaxy-nota-7-se-paro-la-produccion-informes-samsung\/\"]}]},{\"@type\":\"BreadcrumbList\",\"@id\":\"https:\/\/www.pricepony.co\/blog\/galaxy-nota-7-se-paro-la-produccion-informes-samsung\/#breadcrumb\",\"itemListElement\":[{\"@type\":\"ListItem\",\"position\":1,\"name\":\"Home\",\"item\":\"https:\/\/www.pricepony.co\/blog\/\"},{\"@type\":\"ListItem\",\"position\":2,\"name\":\"Galaxy Nota 7 se par\u00f3 la producci\u00f3n &#8211; informes Samsung\"}]},{\"@type\":\"WebSite\",\"@id\":\"https:\/\/www.pricepony.co\/blog\/#website\",\"url\":\"https:\/\/www.pricepony.co\/blog\/\",\"name\":\"Price Pony\",\"description\":\"www.pricepony.co\",\"potentialAction\":[{\"@type\":\"SearchAction\",\"target\":{\"@type\":\"EntryPoint\",\"urlTemplate\":\"https:\/\/www.pricepony.co\/blog\/?s={search_term_string}\"},\"query-input\":\"required name=search_term_string\"}],\"inLanguage\":\"es\"},{\"@type\":\"Person\",\"@id\":\"https:\/\/www.pricepony.co\/blog\/#\/schema\/person\/c338807e08d2e0642a2680633342a0b6\",\"name\":\"Chris Eilers\",\"image\":{\"@type\":\"ImageObject\",\"inLanguage\":\"es\",\"@id\":\"https:\/\/www.pricepony.co\/blog\/#\/schema\/person\/image\/\",\"url\":\"https:\/\/secure.gravatar.com\/avatar\/b0e7458ba85153c845f5f5e8fb3f7881?s=96&d=mm&r=g\",\"contentUrl\":\"https:\/\/secure.gravatar.com\/avatar\/b0e7458ba85153c845f5f5e8fb3f7881?s=96&d=mm&r=g\",\"caption\":\"Chris Eilers\"},\"description\":\"Chris is an experienced Digital Marketer and Growth Hacker with work experience in Mckinsey Germany and Rocket Internet Asia. He is the CEO of Oizoioi Malaysia and actively engaged in the Startup Scene in South East Asia.\",\"url\":\"https:\/\/www.pricepony.co\/blog\/author\/admin\/\"}]}<\/script>\n<!-- \/ Yoast SEO plugin. -->","yoast_head_json":{"title":"Galaxy Nota 7 se par\u00f3 la producci\u00f3n - informes Samsung - Price Pony","description":"En los m\u00e1s recientes informes Yonhap News Agency en Corea del Sur, Samsung est\u00e1 a punto de abandonar la producci\u00f3n de Galaxy Nota 7. \u00bfCu\u00e1l es la historia...","robots":{"index":"index","follow":"follow","max-snippet":"max-snippet:-1","max-image-preview":"max-image-preview:large","max-video-preview":"max-video-preview:-1"},"canonical":"https:\/\/www.pricepony.co\/blog\/galaxy-nota-7-se-paro-la-produccion-informes-samsung\/","og_locale":"es_ES","og_type":"article","og_title":"Galaxy Nota 7 se par\u00f3 la producci\u00f3n - informes Samsung - Price Pony","og_description":"En los m\u00e1s recientes informes Yonhap News Agency en Corea del Sur, Samsung est\u00e1 a punto de abandonar la producci\u00f3n de Galaxy Nota 7. \u00bfCu\u00e1l es la historia...","og_url":"https:\/\/www.pricepony.co\/blog\/galaxy-nota-7-se-paro-la-produccion-informes-samsung\/","og_site_name":"Price Pony","article_published_time":"2016-10-13T06:28:58+00:00","og_image":[{"width":800,"height":419,"url":"http:\/\/www.pricepony.co\/blog\/wp-content\/uploads\/2016\/10\/note-7-ex.jpg","type":"image\/jpeg"}],"author":"Chris Eilers","twitter_card":"summary_large_image","twitter_misc":{"Written by":"Chris Eilers","Est. reading time":"2 minutos"},"schema":{"@context":"https:\/\/schema.org","@graph":[{"@type":"WebPage","@id":"https:\/\/www.pricepony.co\/blog\/galaxy-nota-7-se-paro-la-produccion-informes-samsung\/","url":"https:\/\/www.pricepony.co\/blog\/galaxy-nota-7-se-paro-la-produccion-informes-samsung\/","name":"Galaxy Nota 7 se par\u00f3 la producci\u00f3n - informes Samsung - Price Pony","isPartOf":{"@id":"https:\/\/www.pricepony.co\/blog\/#website"},"datePublished":"2016-10-13T06:28:58+00:00","dateModified":"2016-10-13T06:28:58+00:00","author":{"@id":"https:\/\/www.pricepony.co\/blog\/#\/schema\/person\/c338807e08d2e0642a2680633342a0b6"},"description":"En los m\u00e1s recientes informes Yonhap News Agency en Corea del Sur, Samsung est\u00e1 a punto de abandonar la producci\u00f3n de Galaxy Nota 7. \u00bfCu\u00e1l es la historia...","breadcrumb":{"@id":"https:\/\/www.pricepony.co\/blog\/galaxy-nota-7-se-paro-la-produccion-informes-samsung\/#breadcrumb"},"inLanguage":"es","potentialAction":[{"@type":"ReadAction","target":["https:\/\/www.pricepony.co\/blog\/galaxy-nota-7-se-paro-la-produccion-informes-samsung\/"]}]},{"@type":"BreadcrumbList","@id":"https:\/\/www.pricepony.co\/blog\/galaxy-nota-7-se-paro-la-produccion-informes-samsung\/#breadcrumb","itemListElement":[{"@type":"ListItem","position":1,"name":"Home","item":"https:\/\/www.pricepony.co\/blog\/"},{"@type":"ListItem","position":2,"name":"Galaxy Nota 7 se par\u00f3 la producci\u00f3n &#8211; informes Samsung"}]},{"@type":"WebSite","@id":"https:\/\/www.pricepony.co\/blog\/#website","url":"https:\/\/www.pricepony.co\/blog\/","name":"Price Pony","description":"www.pricepony.co","potentialAction":[{"@type":"SearchAction","target":{"@type":"EntryPoint","urlTemplate":"https:\/\/www.pricepony.co\/blog\/?s={search_term_string}"},"query-input":"required name=search_term_string"}],"inLanguage":"es"},{"@type":"Person","@id":"https:\/\/www.pricepony.co\/blog\/#\/schema\/person\/c338807e08d2e0642a2680633342a0b6","name":"Chris Eilers","image":{"@type":"ImageObject","inLanguage":"es","@id":"https:\/\/www.pricepony.co\/blog\/#\/schema\/person\/image\/","url":"https:\/\/secure.gravatar.com\/avatar\/b0e7458ba85153c845f5f5e8fb3f7881?s=96&d=mm&r=g","contentUrl":"https:\/\/secure.gravatar.com\/avatar\/b0e7458ba85153c845f5f5e8fb3f7881?s=96&d=mm&r=g","caption":"Chris Eilers"},"description":"Chris is an experienced Digital Marketer and Growth Hacker with work experience in Mckinsey Germany and Rocket Internet Asia. He is the CEO of Oizoioi Malaysia and actively engaged in the Startup Scene in South East Asia.","url":"https:\/\/www.pricepony.co\/blog\/author\/admin\/"}]}},"_links":{"self":[{"href":"https:\/\/www.pricepony.co\/blog\/wp-json\/wp\/v2\/posts\/13596"}],"collection":[{"href":"https:\/\/www.pricepony.co\/blog\/wp-json\/wp\/v2\/posts"}],"about":[{"href":"https:\/\/www.pricepony.co\/blog\/wp-json\/wp\/v2\/types\/post"}],"author":[{"embeddable":true,"href":"https:\/\/www.pricepony.co\/blog\/wp-json\/wp\/v2\/users\/1"}],"replies":[{"embeddable":true,"href":"https:\/\/www.pricepony.co\/blog\/wp-json\/wp\/v2\/comments?post=13596"}],"version-history":[{"count":0,"href":"https:\/\/www.pricepony.co\/blog\/wp-json\/wp\/v2\/posts\/13596\/revisions"}],"wp:featuredmedia":[{"embeddable":true,"href":"https:\/\/www.pricepony.co\/blog\/wp-json\/wp\/v2\/media\/13597"}],"wp:attachment":[{"href":"https:\/\/www.pricepony.co\/blog\/wp-json\/wp\/v2\/media?parent=13596"}],"wp:term":[{"taxonomy":"category","embeddable":true,"href":"https:\/\/www.pricepony.co\/blog\/wp-json\/wp\/v2\/categories?post=13596"},{"taxonomy":"post_tag","embeddable":true,"href":"https:\/\/www.pricepony.co\/blog\/wp-json\/wp\/v2\/tags?post=13596"}],"curies":[{"name":"wp","href":"https:\/\/api.w.org\/{rel}","templated":true}]}}