{"id":14557,"date":"2017-03-16T01:46:19","date_gmt":"2017-03-15T18:46:19","guid":{"rendered":"http:\/\/www.pricepony.co\/blog\/?p=14557"},"modified":"2017-03-16T01:46:19","modified_gmt":"2017-03-15T18:46:19","slug":"samsung-galaxy-s8-precio-revelo-ademas-violeta-nuevo-modelo","status":"publish","type":"post","link":"https:\/\/www.pricepony.co\/blog\/samsung-galaxy-s8-precio-revelo-ademas-violeta-nuevo-modelo\/","title":{"rendered":"Samsung Galaxy S8 precio revel\u00f3, adem\u00e1s de violeta nuevo modelo!"},"content":{"rendered":"<div class=\"c7dbaaac4b7db479fbcf8dd8a0e17e48\" data-index=\"1\" style=\"float: none; margin:10px 0 10px 0; text-align:center;\">\n<!-- Top Banner PH NEW -->\r\n<ins class=\"adsbygoogle\"\r\n     style=\"display:inline-block;width:728px;height:90px\"\r\n     data-ad-client=\"ca-pub-4796993490224996\"\r\n     data-ad-slot=\"9195989669\"><\/ins>\r\n<script>(adsbygoogle = window.adsbygoogle || []).push({});<\/script>\n<\/div>\n<p><strong>Samsung va a poner su gran arma, el Samsung Galaxy S8 y S8+ pronto. Estos ser\u00e1n de Samsung mayor esperanza en la recuperaci\u00f3n de lo que sucedi\u00f3 con la <\/strong><strong>Nota 7<\/strong><strong>. Recientemente, el Samsung Galaxy S8 precio, as\u00ed como la S8+, parece haber sido revelado!<\/strong><\/p><center><!-- \/69139267\/pricepony\/\/co\/\/top-ad -->\r\n<div id='div-gpt-ad-1497747800626-0' style='height:90px; width:728px;'>\r\n<script>\r\ngoogletag.cmd.push(function() { googletag.display('div-gpt-ad-1497747800626-0'); });\r\n<\/script>\r\n<\/div><\/center><\/p>\n<p><img decoding=\"async\" loading=\"lazy\" class=\"aligncenter size-full wp-image-40924\" src=\"data:image\/gif;base64,R0lGODlhAQABAIAAAAAAAP\/\/\/yH5BAEAAAAALAAAAAABAAEAAAIBRAA7\" data-src=\"http:\/\/www.pricepony.com.ph\/blog\/wp-content\/uploads\/2017\/03\/58987ce2407b0-e1489054865979.png\" alt=\"galaxy s8 price\" width=\"476\" height=\"250\" \/ \/><\/p>\n<h3><strong>Samsung Galaxy S8 precio revel\u00f3, adem\u00e1s de violeta nuevo modelo!<\/strong><\/h3>\n<p>Roland Quandt, que han sido una fuente fiable de informaci\u00f3n sin confirmar antes, recientemente ha twiteado el supuesto Samsung Galaxy S8 precio y S8, cuyo precio se anunciar\u00e1 a finales de este mes. Seg\u00fan \u00e9l, el Galaxy S8 precio comenzar\u00e1 a $845, mientras que el S8+ ser\u00e1 de $950. Este d\u00fao ser\u00e1 m\u00e1s caro que el Galaxy S7 y S7 Edge cuando se pusieron en marcha. Tambi\u00e9n hay palabras de una nueva variante de color violeta. Esta ser\u00e1 la primera vez que un smartphone Samsung tendr\u00e1 este color, por lo que es interesante ver c\u00f3mo Samsung pondr\u00e1 a la sombra.<\/p>\n<p>Perm\u00edtanos recordarle las especificaciones del Samsung Galaxy S8 y S8+. Para Galaxy S8 Especificaciones, viene con un octa-core SND 835, procesador con 4GB de RAM. Hay 64\/128GB de almanacemiento, ampliable hasta 256 GB. Tiene una capacidad de bater\u00eda de 3.000 mAh. En el exterior, dispone de un 5.8&#8243; pantalla con resoluci\u00f3n 2K. Hay un 12MP c\u00e1mara en la parte posterior, y un 8MP selfie shooter en la parte delantera. Este tel\u00e9fono viene con Android 7.0 Nougat OS fuera de la caja.<\/p>\n<blockquote class=\"twitter-tweet\" data-width=\"550\">\n<p lang=\"en\" dir=\"ltr\">Samsung Galaxy S8 and S8+ will be out in Black, Silver and Violet (!) colors, retail listings show. S8 priced at 799, S8+ at 899 Euro.<\/p><center><!-- \/69139267\/pricepony\/\/co\/\/middle-ad-desktop-1 -->\r\n<div id='div-gpt-ad-1497753531996-0' style='height:280px; width:336px;' class=\"dfp-slot-inline\">\r\n<script>\r\ngoogletag.cmd.push(function() { googletag.display('div-gpt-ad-1497753531996-0'); });\r\n<\/script>\r\n<\/div>\r\n\r\n<!-- \/69139267\/pricepony\/\/co\/\/middle-desktop-2 -->\r\n<div id='div-gpt-ad-1497753467527-0' style='height:280px; width:336px;' class=\"dfp-slot-inline\">\r\n<script>\r\ngoogletag.cmd.push(function() { googletag.display('div-gpt-ad-1497753467527-0'); });\r\n<\/script>\r\n<\/div><\/center><\/p>\n<p>&mdash; Roland Quandt (@rquandt) <a href=\"https:\/\/twitter.com\/rquandt\/status\/839154286848245760\">March 7, 2017<\/a><\/p><\/blockquote>\n<p><script async src=\"\/\/platform.twitter.com\/widgets.js\" charset=\"utf-8\"><\/script><\/p>\n<p>En cuanto a\u00a0 Galaxy S8+ especificaciones, similar a S8, tambi\u00e9n se enorgullece de una octa-core SND 835 procesador en su n\u00facleo, junto con 4GB de RAM. Tambi\u00e9n habr\u00e1 64\/128 GB de opciones de almacenamiento, ampliable hasta 256 GB. El S8+ tiene una mayor bater\u00eda de 3.500 mAh. Su pantalla es tambi\u00e9n m\u00e1s grande, de 6.2&#8243;, y tambi\u00e9n tiene 2K mostrar. En la parte de atr\u00e1s hay un doble 12MP c\u00e1mara lentes, mientras que habr\u00e1 un 8MP shooter en la parte delantera. Este tel\u00e9fono tambi\u00e9n vendr\u00e1 con Android 7.0 Nougat nada m\u00e1s sacarlo de la caja.<\/p>\n<h3><strong>Samsung Galaxy S8 y S8 : El hype contin\u00faa<\/strong><\/h3>\n<p>No hace mucho tiempo hasta que la de revelar el m\u00e1s esperado Samsung Smartphones del a\u00f1o. Una cosa a tener en cuenta, el Samsung Galaxy S8 precio, as\u00ed como la S8+ , puede variado en funci\u00f3n de las regiones. \u00bfEst\u00e1s ilusionado para estos 2 nuevos tel\u00e9fonos?<\/p>\n\n<div style=\"font-size: 0px; height: 0px; line-height: 0px; margin: 0; padding: 0; clear: both;\"><\/div><center><!-- \/69139267\/pricepony\/\/co\/\/bottom-ad-desktop -->\r\n<div id='div-gpt-ad-1497753376271-0' style='height:280px; width:336px;'>\r\n<script>\r\ngoogletag.cmd.push(function() { googletag.display('div-gpt-ad-1497753376271-0'); });\r\n<\/script>\r\n<\/div><\/center>","protected":false},"excerpt":{"rendered":"<p>Samsung va a poner su gran arma, el Samsung Galaxy S8 y S8+ pronto. Estos ser\u00e1n de Samsung mayor esperanza en la recuperaci\u00f3n de lo que sucedi\u00f3 con la Nota 7. Recientemente, el Samsung Galaxy S8 precio, as\u00ed como la S8+, parece haber sido revelado! Samsung Galaxy S8 precio revel\u00f3, adem\u00e1s de violeta nuevo modelo! [&hellip;]<\/p>\n","protected":false},"author":1,"featured_media":14558,"comment_status":"open","ping_status":"open","sticky":false,"template":"","format":"standard","meta":[],"categories":[7],"tags":[361],"acf":[],"yoast_head":"<!-- This site is optimized with the Yoast SEO plugin v20.10 - https:\/\/yoast.com\/wordpress\/plugins\/seo\/ -->\n<title>Samsung Galaxy S8 precio revel\u00f3, adem\u00e1s de violeta nuevo modelo! - Price Pony<\/title>\n<meta name=\"description\" content=\"Samsung va a poner su gran arma, el Samsung Galaxy S8 y S8+ pronto. Estos ser\u00e1n de Samsung mayor esperanza en la recuperaci\u00f3n de lo que sucedi\u00f3 con la...\" \/>\n<meta name=\"robots\" content=\"index, follow, max-snippet:-1, max-image-preview:large, max-video-preview:-1\" \/>\n<link rel=\"canonical\" href=\"https:\/\/www.pricepony.co\/blog\/samsung-galaxy-s8-precio-revelo-ademas-violeta-nuevo-modelo\/\" \/>\n<meta property=\"og:locale\" content=\"es_ES\" \/>\n<meta property=\"og:type\" content=\"article\" \/>\n<meta property=\"og:title\" content=\"Samsung Galaxy S8 precio revel\u00f3, adem\u00e1s de violeta nuevo modelo! - Price Pony\" \/>\n<meta property=\"og:description\" content=\"Samsung va a poner su gran arma, el Samsung Galaxy S8 y S8+ pronto. Estos ser\u00e1n de Samsung mayor esperanza en la recuperaci\u00f3n de lo que sucedi\u00f3 con la...\" \/>\n<meta property=\"og:url\" content=\"https:\/\/www.pricepony.co\/blog\/samsung-galaxy-s8-precio-revelo-ademas-violeta-nuevo-modelo\/\" \/>\n<meta property=\"og:site_name\" content=\"Price Pony\" \/>\n<meta property=\"article:published_time\" content=\"2017-03-15T18:46:19+00:00\" \/>\n<meta property=\"og:image\" content=\"http:\/\/www.pricepony.co\/blog\/wp-content\/uploads\/2017\/03\/58987ce2407b0-e1489054865979.png\" \/>\n\t<meta property=\"og:image:width\" content=\"476\" \/>\n\t<meta property=\"og:image:height\" content=\"250\" \/>\n\t<meta property=\"og:image:type\" content=\"image\/png\" \/>\n<meta name=\"author\" content=\"Chris Eilers\" \/>\n<meta name=\"twitter:card\" content=\"summary_large_image\" \/>\n<meta name=\"twitter:label1\" content=\"Written by\" \/>\n\t<meta name=\"twitter:data1\" content=\"Chris Eilers\" \/>\n\t<meta name=\"twitter:label2\" content=\"Est. reading time\" \/>\n\t<meta name=\"twitter:data2\" content=\"2 minutos\" \/>\n<script type=\"application\/ld+json\" class=\"yoast-schema-graph\">{\"@context\":\"https:\/\/schema.org\",\"@graph\":[{\"@type\":\"WebPage\",\"@id\":\"https:\/\/www.pricepony.co\/blog\/samsung-galaxy-s8-precio-revelo-ademas-violeta-nuevo-modelo\/\",\"url\":\"https:\/\/www.pricepony.co\/blog\/samsung-galaxy-s8-precio-revelo-ademas-violeta-nuevo-modelo\/\",\"name\":\"Samsung Galaxy S8 precio revel\u00f3, adem\u00e1s de violeta nuevo modelo! - Price Pony\",\"isPartOf\":{\"@id\":\"https:\/\/www.pricepony.co\/blog\/#website\"},\"datePublished\":\"2017-03-15T18:46:19+00:00\",\"dateModified\":\"2017-03-15T18:46:19+00:00\",\"author\":{\"@id\":\"https:\/\/www.pricepony.co\/blog\/#\/schema\/person\/c338807e08d2e0642a2680633342a0b6\"},\"description\":\"Samsung va a poner su gran arma, el Samsung Galaxy S8 y S8+ pronto. Estos ser\u00e1n de Samsung mayor esperanza en la recuperaci\u00f3n de lo que sucedi\u00f3 con la...\",\"breadcrumb\":{\"@id\":\"https:\/\/www.pricepony.co\/blog\/samsung-galaxy-s8-precio-revelo-ademas-violeta-nuevo-modelo\/#breadcrumb\"},\"inLanguage\":\"es\",\"potentialAction\":[{\"@type\":\"ReadAction\",\"target\":[\"https:\/\/www.pricepony.co\/blog\/samsung-galaxy-s8-precio-revelo-ademas-violeta-nuevo-modelo\/\"]}]},{\"@type\":\"BreadcrumbList\",\"@id\":\"https:\/\/www.pricepony.co\/blog\/samsung-galaxy-s8-precio-revelo-ademas-violeta-nuevo-modelo\/#breadcrumb\",\"itemListElement\":[{\"@type\":\"ListItem\",\"position\":1,\"name\":\"Home\",\"item\":\"https:\/\/www.pricepony.co\/blog\/\"},{\"@type\":\"ListItem\",\"position\":2,\"name\":\"Samsung Galaxy S8 precio revel\u00f3, adem\u00e1s de violeta nuevo modelo!\"}]},{\"@type\":\"WebSite\",\"@id\":\"https:\/\/www.pricepony.co\/blog\/#website\",\"url\":\"https:\/\/www.pricepony.co\/blog\/\",\"name\":\"Price Pony\",\"description\":\"www.pricepony.co\",\"potentialAction\":[{\"@type\":\"SearchAction\",\"target\":{\"@type\":\"EntryPoint\",\"urlTemplate\":\"https:\/\/www.pricepony.co\/blog\/?s={search_term_string}\"},\"query-input\":\"required name=search_term_string\"}],\"inLanguage\":\"es\"},{\"@type\":\"Person\",\"@id\":\"https:\/\/www.pricepony.co\/blog\/#\/schema\/person\/c338807e08d2e0642a2680633342a0b6\",\"name\":\"Chris Eilers\",\"image\":{\"@type\":\"ImageObject\",\"inLanguage\":\"es\",\"@id\":\"https:\/\/www.pricepony.co\/blog\/#\/schema\/person\/image\/\",\"url\":\"https:\/\/secure.gravatar.com\/avatar\/b0e7458ba85153c845f5f5e8fb3f7881?s=96&d=mm&r=g\",\"contentUrl\":\"https:\/\/secure.gravatar.com\/avatar\/b0e7458ba85153c845f5f5e8fb3f7881?s=96&d=mm&r=g\",\"caption\":\"Chris Eilers\"},\"description\":\"Chris is an experienced Digital Marketer and Growth Hacker with work experience in Mckinsey Germany and Rocket Internet Asia. He is the CEO of Oizoioi Malaysia and actively engaged in the Startup Scene in South East Asia.\",\"url\":\"https:\/\/www.pricepony.co\/blog\/author\/admin\/\"}]}<\/script>\n<!-- \/ Yoast SEO plugin. -->","yoast_head_json":{"title":"Samsung Galaxy S8 precio revel\u00f3, adem\u00e1s de violeta nuevo modelo! - Price Pony","description":"Samsung va a poner su gran arma, el Samsung Galaxy S8 y S8+ pronto. Estos ser\u00e1n de Samsung mayor esperanza en la recuperaci\u00f3n de lo que sucedi\u00f3 con la...","robots":{"index":"index","follow":"follow","max-snippet":"max-snippet:-1","max-image-preview":"max-image-preview:large","max-video-preview":"max-video-preview:-1"},"canonical":"https:\/\/www.pricepony.co\/blog\/samsung-galaxy-s8-precio-revelo-ademas-violeta-nuevo-modelo\/","og_locale":"es_ES","og_type":"article","og_title":"Samsung Galaxy S8 precio revel\u00f3, adem\u00e1s de violeta nuevo modelo! - Price Pony","og_description":"Samsung va a poner su gran arma, el Samsung Galaxy S8 y S8+ pronto. Estos ser\u00e1n de Samsung mayor esperanza en la recuperaci\u00f3n de lo que sucedi\u00f3 con la...","og_url":"https:\/\/www.pricepony.co\/blog\/samsung-galaxy-s8-precio-revelo-ademas-violeta-nuevo-modelo\/","og_site_name":"Price Pony","article_published_time":"2017-03-15T18:46:19+00:00","og_image":[{"width":476,"height":250,"url":"http:\/\/www.pricepony.co\/blog\/wp-content\/uploads\/2017\/03\/58987ce2407b0-e1489054865979.png","type":"image\/png"}],"author":"Chris Eilers","twitter_card":"summary_large_image","twitter_misc":{"Written by":"Chris Eilers","Est. reading time":"2 minutos"},"schema":{"@context":"https:\/\/schema.org","@graph":[{"@type":"WebPage","@id":"https:\/\/www.pricepony.co\/blog\/samsung-galaxy-s8-precio-revelo-ademas-violeta-nuevo-modelo\/","url":"https:\/\/www.pricepony.co\/blog\/samsung-galaxy-s8-precio-revelo-ademas-violeta-nuevo-modelo\/","name":"Samsung Galaxy S8 precio revel\u00f3, adem\u00e1s de violeta nuevo modelo! - Price Pony","isPartOf":{"@id":"https:\/\/www.pricepony.co\/blog\/#website"},"datePublished":"2017-03-15T18:46:19+00:00","dateModified":"2017-03-15T18:46:19+00:00","author":{"@id":"https:\/\/www.pricepony.co\/blog\/#\/schema\/person\/c338807e08d2e0642a2680633342a0b6"},"description":"Samsung va a poner su gran arma, el Samsung Galaxy S8 y S8+ pronto. Estos ser\u00e1n de Samsung mayor esperanza en la recuperaci\u00f3n de lo que sucedi\u00f3 con la...","breadcrumb":{"@id":"https:\/\/www.pricepony.co\/blog\/samsung-galaxy-s8-precio-revelo-ademas-violeta-nuevo-modelo\/#breadcrumb"},"inLanguage":"es","potentialAction":[{"@type":"ReadAction","target":["https:\/\/www.pricepony.co\/blog\/samsung-galaxy-s8-precio-revelo-ademas-violeta-nuevo-modelo\/"]}]},{"@type":"BreadcrumbList","@id":"https:\/\/www.pricepony.co\/blog\/samsung-galaxy-s8-precio-revelo-ademas-violeta-nuevo-modelo\/#breadcrumb","itemListElement":[{"@type":"ListItem","position":1,"name":"Home","item":"https:\/\/www.pricepony.co\/blog\/"},{"@type":"ListItem","position":2,"name":"Samsung Galaxy S8 precio revel\u00f3, adem\u00e1s de violeta nuevo modelo!"}]},{"@type":"WebSite","@id":"https:\/\/www.pricepony.co\/blog\/#website","url":"https:\/\/www.pricepony.co\/blog\/","name":"Price Pony","description":"www.pricepony.co","potentialAction":[{"@type":"SearchAction","target":{"@type":"EntryPoint","urlTemplate":"https:\/\/www.pricepony.co\/blog\/?s={search_term_string}"},"query-input":"required name=search_term_string"}],"inLanguage":"es"},{"@type":"Person","@id":"https:\/\/www.pricepony.co\/blog\/#\/schema\/person\/c338807e08d2e0642a2680633342a0b6","name":"Chris Eilers","image":{"@type":"ImageObject","inLanguage":"es","@id":"https:\/\/www.pricepony.co\/blog\/#\/schema\/person\/image\/","url":"https:\/\/secure.gravatar.com\/avatar\/b0e7458ba85153c845f5f5e8fb3f7881?s=96&d=mm&r=g","contentUrl":"https:\/\/secure.gravatar.com\/avatar\/b0e7458ba85153c845f5f5e8fb3f7881?s=96&d=mm&r=g","caption":"Chris Eilers"},"description":"Chris is an experienced Digital Marketer and Growth Hacker with work experience in Mckinsey Germany and Rocket Internet Asia. He is the CEO of Oizoioi Malaysia and actively engaged in the Startup Scene in South East Asia.","url":"https:\/\/www.pricepony.co\/blog\/author\/admin\/"}]}},"_links":{"self":[{"href":"https:\/\/www.pricepony.co\/blog\/wp-json\/wp\/v2\/posts\/14557"}],"collection":[{"href":"https:\/\/www.pricepony.co\/blog\/wp-json\/wp\/v2\/posts"}],"about":[{"href":"https:\/\/www.pricepony.co\/blog\/wp-json\/wp\/v2\/types\/post"}],"author":[{"embeddable":true,"href":"https:\/\/www.pricepony.co\/blog\/wp-json\/wp\/v2\/users\/1"}],"replies":[{"embeddable":true,"href":"https:\/\/www.pricepony.co\/blog\/wp-json\/wp\/v2\/comments?post=14557"}],"version-history":[{"count":0,"href":"https:\/\/www.pricepony.co\/blog\/wp-json\/wp\/v2\/posts\/14557\/revisions"}],"wp:featuredmedia":[{"embeddable":true,"href":"https:\/\/www.pricepony.co\/blog\/wp-json\/wp\/v2\/media\/14558"}],"wp:attachment":[{"href":"https:\/\/www.pricepony.co\/blog\/wp-json\/wp\/v2\/media?parent=14557"}],"wp:term":[{"taxonomy":"category","embeddable":true,"href":"https:\/\/www.pricepony.co\/blog\/wp-json\/wp\/v2\/categories?post=14557"},{"taxonomy":"post_tag","embeddable":true,"href":"https:\/\/www.pricepony.co\/blog\/wp-json\/wp\/v2\/tags?post=14557"}],"curies":[{"name":"wp","href":"https:\/\/api.w.org\/{rel}","templated":true}]}}