{"id":15411,"date":"2017-08-27T01:11:31","date_gmt":"2017-08-26T18:11:31","guid":{"rendered":"http:\/\/www.pricepony.co\/blog\/?p=15411"},"modified":"2017-08-27T01:11:31","modified_gmt":"2017-08-26T18:11:31","slug":"apple-iphone-series-para-liberar-256gb-del-almanacemiento-doble-16mp-camara","status":"publish","type":"post","link":"https:\/\/www.pricepony.co\/blog\/apple-iphone-series-para-liberar-256gb-del-almanacemiento-doble-16mp-camara\/","title":{"rendered":"Apple iPhone series PARA LIBERAR: 256GB del almanacemiento, doble 16MP camara&#8230;"},"content":{"rendered":"<div class=\"c7dbaaac4b7db479fbcf8dd8a0e17e48\" data-index=\"1\" style=\"float: none; margin:10px 0 10px 0; text-align:center;\">\n<!-- Top Banner PH NEW -->\r\n<ins class=\"adsbygoogle\"\r\n     style=\"display:inline-block;width:728px;height:90px\"\r\n     data-ad-client=\"ca-pub-4796993490224996\"\r\n     data-ad-slot=\"9195989669\"><\/ins>\r\n<script>(adsbygoogle = window.adsbygoogle || []).push({});<\/script>\n<\/div>\n<p><strong>En los \u00faltimos meses, el lanzamiento de Apple del nuevo iPhone ha sido el tema candente. Ahora, el fabricante ha confirmado finalmente Apple iPhone serie Fecha de lanzamiento, junto con algunas especificaciones como 256GB del almanacemiento y 16MP c\u00e1mara. Vamos a cavar para aprender m\u00e1s!<\/strong><\/p><center><!-- \/69139267\/pricepony\/\/co\/\/top-ad -->\r\n<div id='div-gpt-ad-1497747800626-0' style='height:90px; width:728px;'>\r\n<script>\r\ngoogletag.cmd.push(function() { googletag.display('div-gpt-ad-1497747800626-0'); });\r\n<\/script>\r\n<\/div><\/center><\/p>\n<p><img decoding=\"async\" loading=\"lazy\" class=\"aligncenter size-full wp-image-54870\" src=\"data:image\/gif;base64,R0lGODlhAQABAIAAAAAAAP\/\/\/yH5BAEAAAAALAAAAAABAAEAAAIBRAA7\" data-src=\"http:\/\/www.pricepony.com.ph\/blog\/wp-content\/uploads\/2017\/08\/iphone-uproxx-3-620x343-e1502445768893.jpg\" alt=\"Apple iPhone series\" width=\"452\" height=\"250\" \/ \/><\/p>\n<h3><strong>Apple iPhone series: 256GB del almanacemiento, doble 16MP camara\u2026<\/strong><\/h3>\n<p>En realidad, ha habido algunos pospone desde Apple confirm\u00f3 la preparaci\u00f3n de la pr\u00f3xima generaci\u00f3n de smartphones. Sobre la base de lo que hemos aprendido, dos nuevas marcas van a debutar: iPhone 8 y iPhone 7s. Adem\u00e1s, estos dos Apple tel\u00e9fonos todos obtener el HD llena de pantalla t\u00e1ctil. Por separado, el Apple iPhone 7s auricular posee la pantalla OLED. Entretanto, el Apple iPhone 8 obtiene el super AMOLED (1242 x 2800 p\u00edxeles) versi\u00f3n. Adem\u00e1s, el fabricante es, sin duda, dando el \u00faltimo sistema operativo, el iOS 11, para los miembros m\u00e1s j\u00f3venes de iPhone.<\/p>\n<p>M\u00e1s informaci\u00f3n acerca de la configuraci\u00f3n, el Apple iPhone 7s dispositivo funciona en Apple UN11 chipset y CPU quad-core. Coincidentemente, el Apple iPhone 8 tel\u00e9fono tambi\u00e9n tiene las mismas fuentes de alimentaci\u00f3n. Como para el almacenamiento interno y la RAM, las dos Apple tel\u00e9fonos ofrecen 64\/256GB del almanacemiento, junto con 3GB de RAM. Lamentablemente, no hay una memoria externa. Sin embargo, creo que el m\u00e1s grande la versi\u00f3n del almanacemiento es suficiente para alguien que almacena un mont\u00f3n en su tel\u00e9fono. Adem\u00e1s, probablemente hay cuatro opciones de color disponibles: oro, oro rosa, negro y plata.<\/p><center><!-- \/69139267\/pricepony\/\/co\/\/middle-ad-desktop-1 -->\r\n<div id='div-gpt-ad-1497753531996-0' style='height:280px; width:336px;' class=\"dfp-slot-inline\">\r\n<script>\r\ngoogletag.cmd.push(function() { googletag.display('div-gpt-ad-1497753531996-0'); });\r\n<\/script>\r\n<\/div>\r\n\r\n<!-- \/69139267\/pricepony\/\/co\/\/middle-desktop-2 -->\r\n<div id='div-gpt-ad-1497753467527-0' style='height:280px; width:336px;' class=\"dfp-slot-inline\">\r\n<script>\r\ngoogletag.cmd.push(function() { googletag.display('div-gpt-ad-1497753467527-0'); });\r\n<\/script>\r\n<\/div><\/center><\/p>\n<p><img decoding=\"async\" loading=\"lazy\" class=\"aligncenter size-full wp-image-54871\" src=\"data:image\/gif;base64,R0lGODlhAQABAIAAAAAAAP\/\/\/yH5BAEAAAAALAAAAAABAAEAAAIBRAA7\" data-src=\"http:\/\/www.pricepony.com.ph\/blog\/wp-content\/uploads\/2017\/08\/iphone7-rosegold-select-2016-e1502445800456.png\" alt=\"Apple iPhone series\" width=\"250\" height=\"250\" \/ \/><\/p>\n<p>Hablando de la c\u00e1mara, Apple iPhone 7s c\u00e1mara contiene un 12MP atr\u00e1s shooter y 8MP frontal selfie. En el \u00ednterin, Apple iPhone 8 c\u00e1mara deportes 12MP primaria y 7MP secundaria. Hablando de la Juice Box, Apple iPhone 7s bater\u00eda podr\u00eda ser no extra\u00edble que 3.500mAh mientras Apple iPhone 8 celda es de 3.000mAh. Por \u00faltimo, estos dos tel\u00e9fonos en el Apple iPhone series admiten todo tipo de conectividad b\u00e1sica opciones: Wi-fi, Bluetooth, GPS, y USB.<\/p>\n<h3><strong>Apple iPhone serie fecha de lanzamiento y precio<\/strong><\/h3>\n<p>Ahora, la confirmaci\u00f3n oficial sobre el iPhone de Apple serie fecha de lanzamiento est\u00e1n el pr\u00f3ximo mes, que tendr\u00e1 lugar en septiembre. Por el costo, Apple iPhone 7s precio puede empezar en $700, y Apple iPhone 8\u00a0 precio es alrededor de $1.200. \u00bfCu\u00e1l es su opini\u00f3n sobre la pronto-a-ser iPhone series? H\u00e1ganos saber en los comentarios a continuaci\u00f3n.<\/p>\n\n<div style=\"font-size: 0px; height: 0px; line-height: 0px; margin: 0; padding: 0; clear: both;\"><\/div><center><!-- \/69139267\/pricepony\/\/co\/\/bottom-ad-desktop -->\r\n<div id='div-gpt-ad-1497753376271-0' style='height:280px; width:336px;'>\r\n<script>\r\ngoogletag.cmd.push(function() { googletag.display('div-gpt-ad-1497753376271-0'); });\r\n<\/script>\r\n<\/div><\/center>","protected":false},"excerpt":{"rendered":"<p>En los \u00faltimos meses, el lanzamiento de Apple del nuevo iPhone ha sido el tema candente. Ahora, el fabricante ha confirmado finalmente Apple iPhone serie Fecha de lanzamiento, junto con algunas especificaciones como 256GB del almanacemiento y 16MP c\u00e1mara. Vamos a cavar para aprender m\u00e1s! Apple iPhone series: 256GB del almanacemiento, doble 16MP camara\u2026 En [&hellip;]<\/p>\n","protected":false},"author":1,"featured_media":15412,"comment_status":"open","ping_status":"open","sticky":false,"template":"","format":"standard","meta":[],"categories":[7],"tags":[469,785,502,786],"acf":[],"yoast_head":"<!-- This site is optimized with the Yoast SEO plugin v20.10 - https:\/\/yoast.com\/wordpress\/plugins\/seo\/ -->\n<title>Apple iPhone series PARA LIBERAR: 256GB del almanacemiento, doble 16MP camara... - Price Pony<\/title>\n<meta name=\"description\" content=\"En los \u00faltimos meses, el lanzamiento de Apple del nuevo iPhone ha sido el tema candente. Ahora, el fabricante ha confirmado finalmente Apple iPhone serie...\" \/>\n<meta name=\"robots\" content=\"index, follow, max-snippet:-1, max-image-preview:large, max-video-preview:-1\" \/>\n<link rel=\"canonical\" href=\"https:\/\/www.pricepony.co\/blog\/apple-iphone-series-para-liberar-256gb-del-almanacemiento-doble-16mp-camara\/\" \/>\n<meta property=\"og:locale\" content=\"es_ES\" \/>\n<meta property=\"og:type\" content=\"article\" \/>\n<meta property=\"og:title\" content=\"Apple iPhone series PARA LIBERAR: 256GB del almanacemiento, doble 16MP camara... - Price Pony\" \/>\n<meta property=\"og:description\" content=\"En los \u00faltimos meses, el lanzamiento de Apple del nuevo iPhone ha sido el tema candente. Ahora, el fabricante ha confirmado finalmente Apple iPhone serie...\" \/>\n<meta property=\"og:url\" content=\"https:\/\/www.pricepony.co\/blog\/apple-iphone-series-para-liberar-256gb-del-almanacemiento-doble-16mp-camara\/\" \/>\n<meta property=\"og:site_name\" content=\"Price Pony\" \/>\n<meta property=\"article:published_time\" content=\"2017-08-26T18:11:31+00:00\" \/>\n<meta property=\"og:image\" content=\"http:\/\/www.pricepony.co\/blog\/wp-content\/uploads\/2017\/08\/iphone7-concept.png\" \/>\n\t<meta property=\"og:image:width\" content=\"1024\" \/>\n\t<meta property=\"og:image:height\" content=\"536\" \/>\n\t<meta property=\"og:image:type\" content=\"image\/png\" \/>\n<meta name=\"author\" content=\"Chris Eilers\" \/>\n<meta name=\"twitter:card\" content=\"summary_large_image\" \/>\n<meta name=\"twitter:label1\" content=\"Written by\" \/>\n\t<meta name=\"twitter:data1\" content=\"Chris Eilers\" \/>\n\t<meta name=\"twitter:label2\" content=\"Est. reading time\" \/>\n\t<meta name=\"twitter:data2\" content=\"2 minutos\" \/>\n<script type=\"application\/ld+json\" class=\"yoast-schema-graph\">{\"@context\":\"https:\/\/schema.org\",\"@graph\":[{\"@type\":\"WebPage\",\"@id\":\"https:\/\/www.pricepony.co\/blog\/apple-iphone-series-para-liberar-256gb-del-almanacemiento-doble-16mp-camara\/\",\"url\":\"https:\/\/www.pricepony.co\/blog\/apple-iphone-series-para-liberar-256gb-del-almanacemiento-doble-16mp-camara\/\",\"name\":\"Apple iPhone series PARA LIBERAR: 256GB del almanacemiento, doble 16MP camara... - Price Pony\",\"isPartOf\":{\"@id\":\"https:\/\/www.pricepony.co\/blog\/#website\"},\"datePublished\":\"2017-08-26T18:11:31+00:00\",\"dateModified\":\"2017-08-26T18:11:31+00:00\",\"author\":{\"@id\":\"https:\/\/www.pricepony.co\/blog\/#\/schema\/person\/c338807e08d2e0642a2680633342a0b6\"},\"description\":\"En los \u00faltimos meses, el lanzamiento de Apple del nuevo iPhone ha sido el tema candente. Ahora, el fabricante ha confirmado finalmente Apple iPhone serie...\",\"breadcrumb\":{\"@id\":\"https:\/\/www.pricepony.co\/blog\/apple-iphone-series-para-liberar-256gb-del-almanacemiento-doble-16mp-camara\/#breadcrumb\"},\"inLanguage\":\"es\",\"potentialAction\":[{\"@type\":\"ReadAction\",\"target\":[\"https:\/\/www.pricepony.co\/blog\/apple-iphone-series-para-liberar-256gb-del-almanacemiento-doble-16mp-camara\/\"]}]},{\"@type\":\"BreadcrumbList\",\"@id\":\"https:\/\/www.pricepony.co\/blog\/apple-iphone-series-para-liberar-256gb-del-almanacemiento-doble-16mp-camara\/#breadcrumb\",\"itemListElement\":[{\"@type\":\"ListItem\",\"position\":1,\"name\":\"Home\",\"item\":\"https:\/\/www.pricepony.co\/blog\/\"},{\"@type\":\"ListItem\",\"position\":2,\"name\":\"Apple iPhone series PARA LIBERAR: 256GB del almanacemiento, doble 16MP camara&#8230;\"}]},{\"@type\":\"WebSite\",\"@id\":\"https:\/\/www.pricepony.co\/blog\/#website\",\"url\":\"https:\/\/www.pricepony.co\/blog\/\",\"name\":\"Price Pony\",\"description\":\"www.pricepony.co\",\"potentialAction\":[{\"@type\":\"SearchAction\",\"target\":{\"@type\":\"EntryPoint\",\"urlTemplate\":\"https:\/\/www.pricepony.co\/blog\/?s={search_term_string}\"},\"query-input\":\"required name=search_term_string\"}],\"inLanguage\":\"es\"},{\"@type\":\"Person\",\"@id\":\"https:\/\/www.pricepony.co\/blog\/#\/schema\/person\/c338807e08d2e0642a2680633342a0b6\",\"name\":\"Chris Eilers\",\"image\":{\"@type\":\"ImageObject\",\"inLanguage\":\"es\",\"@id\":\"https:\/\/www.pricepony.co\/blog\/#\/schema\/person\/image\/\",\"url\":\"https:\/\/secure.gravatar.com\/avatar\/b0e7458ba85153c845f5f5e8fb3f7881?s=96&d=mm&r=g\",\"contentUrl\":\"https:\/\/secure.gravatar.com\/avatar\/b0e7458ba85153c845f5f5e8fb3f7881?s=96&d=mm&r=g\",\"caption\":\"Chris Eilers\"},\"description\":\"Chris is an experienced Digital Marketer and Growth Hacker with work experience in Mckinsey Germany and Rocket Internet Asia. He is the CEO of Oizoioi Malaysia and actively engaged in the Startup Scene in South East Asia.\",\"url\":\"https:\/\/www.pricepony.co\/blog\/author\/admin\/\"}]}<\/script>\n<!-- \/ Yoast SEO plugin. -->","yoast_head_json":{"title":"Apple iPhone series PARA LIBERAR: 256GB del almanacemiento, doble 16MP camara... - Price Pony","description":"En los \u00faltimos meses, el lanzamiento de Apple del nuevo iPhone ha sido el tema candente. Ahora, el fabricante ha confirmado finalmente Apple iPhone serie...","robots":{"index":"index","follow":"follow","max-snippet":"max-snippet:-1","max-image-preview":"max-image-preview:large","max-video-preview":"max-video-preview:-1"},"canonical":"https:\/\/www.pricepony.co\/blog\/apple-iphone-series-para-liberar-256gb-del-almanacemiento-doble-16mp-camara\/","og_locale":"es_ES","og_type":"article","og_title":"Apple iPhone series PARA LIBERAR: 256GB del almanacemiento, doble 16MP camara... - Price Pony","og_description":"En los \u00faltimos meses, el lanzamiento de Apple del nuevo iPhone ha sido el tema candente. Ahora, el fabricante ha confirmado finalmente Apple iPhone serie...","og_url":"https:\/\/www.pricepony.co\/blog\/apple-iphone-series-para-liberar-256gb-del-almanacemiento-doble-16mp-camara\/","og_site_name":"Price Pony","article_published_time":"2017-08-26T18:11:31+00:00","og_image":[{"width":1024,"height":536,"url":"http:\/\/www.pricepony.co\/blog\/wp-content\/uploads\/2017\/08\/iphone7-concept.png","type":"image\/png"}],"author":"Chris Eilers","twitter_card":"summary_large_image","twitter_misc":{"Written by":"Chris Eilers","Est. reading time":"2 minutos"},"schema":{"@context":"https:\/\/schema.org","@graph":[{"@type":"WebPage","@id":"https:\/\/www.pricepony.co\/blog\/apple-iphone-series-para-liberar-256gb-del-almanacemiento-doble-16mp-camara\/","url":"https:\/\/www.pricepony.co\/blog\/apple-iphone-series-para-liberar-256gb-del-almanacemiento-doble-16mp-camara\/","name":"Apple iPhone series PARA LIBERAR: 256GB del almanacemiento, doble 16MP camara... - Price Pony","isPartOf":{"@id":"https:\/\/www.pricepony.co\/blog\/#website"},"datePublished":"2017-08-26T18:11:31+00:00","dateModified":"2017-08-26T18:11:31+00:00","author":{"@id":"https:\/\/www.pricepony.co\/blog\/#\/schema\/person\/c338807e08d2e0642a2680633342a0b6"},"description":"En los \u00faltimos meses, el lanzamiento de Apple del nuevo iPhone ha sido el tema candente. Ahora, el fabricante ha confirmado finalmente Apple iPhone serie...","breadcrumb":{"@id":"https:\/\/www.pricepony.co\/blog\/apple-iphone-series-para-liberar-256gb-del-almanacemiento-doble-16mp-camara\/#breadcrumb"},"inLanguage":"es","potentialAction":[{"@type":"ReadAction","target":["https:\/\/www.pricepony.co\/blog\/apple-iphone-series-para-liberar-256gb-del-almanacemiento-doble-16mp-camara\/"]}]},{"@type":"BreadcrumbList","@id":"https:\/\/www.pricepony.co\/blog\/apple-iphone-series-para-liberar-256gb-del-almanacemiento-doble-16mp-camara\/#breadcrumb","itemListElement":[{"@type":"ListItem","position":1,"name":"Home","item":"https:\/\/www.pricepony.co\/blog\/"},{"@type":"ListItem","position":2,"name":"Apple iPhone series PARA LIBERAR: 256GB del almanacemiento, doble 16MP camara&#8230;"}]},{"@type":"WebSite","@id":"https:\/\/www.pricepony.co\/blog\/#website","url":"https:\/\/www.pricepony.co\/blog\/","name":"Price Pony","description":"www.pricepony.co","potentialAction":[{"@type":"SearchAction","target":{"@type":"EntryPoint","urlTemplate":"https:\/\/www.pricepony.co\/blog\/?s={search_term_string}"},"query-input":"required name=search_term_string"}],"inLanguage":"es"},{"@type":"Person","@id":"https:\/\/www.pricepony.co\/blog\/#\/schema\/person\/c338807e08d2e0642a2680633342a0b6","name":"Chris Eilers","image":{"@type":"ImageObject","inLanguage":"es","@id":"https:\/\/www.pricepony.co\/blog\/#\/schema\/person\/image\/","url":"https:\/\/secure.gravatar.com\/avatar\/b0e7458ba85153c845f5f5e8fb3f7881?s=96&d=mm&r=g","contentUrl":"https:\/\/secure.gravatar.com\/avatar\/b0e7458ba85153c845f5f5e8fb3f7881?s=96&d=mm&r=g","caption":"Chris Eilers"},"description":"Chris is an experienced Digital Marketer and Growth Hacker with work experience in Mckinsey Germany and Rocket Internet Asia. He is the CEO of Oizoioi Malaysia and actively engaged in the Startup Scene in South East Asia.","url":"https:\/\/www.pricepony.co\/blog\/author\/admin\/"}]}},"_links":{"self":[{"href":"https:\/\/www.pricepony.co\/blog\/wp-json\/wp\/v2\/posts\/15411"}],"collection":[{"href":"https:\/\/www.pricepony.co\/blog\/wp-json\/wp\/v2\/posts"}],"about":[{"href":"https:\/\/www.pricepony.co\/blog\/wp-json\/wp\/v2\/types\/post"}],"author":[{"embeddable":true,"href":"https:\/\/www.pricepony.co\/blog\/wp-json\/wp\/v2\/users\/1"}],"replies":[{"embeddable":true,"href":"https:\/\/www.pricepony.co\/blog\/wp-json\/wp\/v2\/comments?post=15411"}],"version-history":[{"count":0,"href":"https:\/\/www.pricepony.co\/blog\/wp-json\/wp\/v2\/posts\/15411\/revisions"}],"wp:featuredmedia":[{"embeddable":true,"href":"https:\/\/www.pricepony.co\/blog\/wp-json\/wp\/v2\/media\/15412"}],"wp:attachment":[{"href":"https:\/\/www.pricepony.co\/blog\/wp-json\/wp\/v2\/media?parent=15411"}],"wp:term":[{"taxonomy":"category","embeddable":true,"href":"https:\/\/www.pricepony.co\/blog\/wp-json\/wp\/v2\/categories?post=15411"},{"taxonomy":"post_tag","embeddable":true,"href":"https:\/\/www.pricepony.co\/blog\/wp-json\/wp\/v2\/tags?post=15411"}],"curies":[{"name":"wp","href":"https:\/\/api.w.org\/{rel}","templated":true}]}}