{"id":25795,"date":"2022-06-23T14:50:24","date_gmt":"2022-06-23T07:50:24","guid":{"rendered":"http:\/\/www.pricepony.co\/blog\/?p=25795"},"modified":"2022-06-23T14:50:25","modified_gmt":"2022-06-23T07:50:25","slug":"especificaciones-del-nokia-atom-pro-2023","status":"publish","type":"post","link":"https:\/\/www.pricepony.co\/blog\/especificaciones-del-nokia-atom-pro-2023\/","title":{"rendered":"Especificaciones del Nokia Atom Pro 2023: 16 GB de RAM y cuatro c\u00e1maras de 108 MP"},"content":{"rendered":"<div class=\"c7dbaaac4b7db479fbcf8dd8a0e17e48\" data-index=\"1\" style=\"float: none; margin:10px 0 10px 0; text-align:center;\">\n<!-- Top Banner PH NEW -->\r\n<ins class=\"adsbygoogle\"\r\n     style=\"display:inline-block;width:728px;height:90px\"\r\n     data-ad-client=\"ca-pub-4796993490224996\"\r\n     data-ad-slot=\"9195989669\"><\/ins>\r\n<script>(adsbygoogle = window.adsbygoogle || []).push({});<\/script>\n<\/div>\n\n<p><strong>Un nuevo tel\u00e9fono de Nokia va a llegar al mercado pronto con una enorme memoria RAM de 16GB y cuatro c\u00e1maras de 108MP. Conoce las especificaciones del Nokia Atom Pro 2023 a continuaci\u00f3n.<\/strong><\/p><center><!-- \/69139267\/pricepony\/\/co\/\/top-ad -->\r\n<div id='div-gpt-ad-1497747800626-0' style='height:90px; width:728px;'>\r\n<script>\r\ngoogletag.cmd.push(function() { googletag.display('div-gpt-ad-1497747800626-0'); });\r\n<\/script>\r\n<\/div><\/center><\/p>\n\n\n\n<div class=\"wp-block-image\"><figure class=\"aligncenter is-resized\"><img decoding=\"async\" loading=\"lazy\" src=\"data:image\/gif;base64,R0lGODlhAQABAIAAAAAAAP\/\/\/yH5BAEAAAAALAAAAAABAAEAAAIBRAA7\" data-src=\"https:\/\/www.pricepony.com.ph\/blog\/wp-content\/uploads\/2022\/05\/Nokia-XPlus-Prime-vs.-Samsung-Galaxy-S22-1024x536.jpg\" alt=\"Nokia Atom Pro 2023\" width=\"480\" height=\"250\"\/ \/><\/figure><\/div>\n\n\n\n<p><\/p>\n\n\n\n<h3 class=\"wp-block-heading\">Especificaciones del Nokia Atom Pro 2023<\/h3>\n\n\n\n<p>HMD Global comparte sus planes de lanzar una serie de tel\u00e9fonos inteligentes insignia con un aspecto impresionante y especificaciones \u00fanicas, que consiste en <a href=\"https:\/\/www.pricepony.co\/blog\/especificaciones-del-nokia-mclaren-ultra-2022\/\" target=\"_blank\" rel=\"noreferrer noopener\">Nokia McLaren Ultra<\/a>, <a href=\"https:\/\/www.pricepony.co\/blog\/especificaciones-del-nokia-swan-prime-2022\/\" target=\"_blank\" rel=\"noreferrer noopener\">Nokia Swan <\/a><font color=\"#0073aa\"><u>P<\/u><\/font><a href=\"https:\/\/www.pricepony.co\/blog\/especificaciones-del-nokia-swan-prime-2022\/\" target=\"_blank\" rel=\"noreferrer noopener\">rime,<\/a> y Nokia Vitech Edge \u2026 Sin embargo, un nuevo informe sugiere ahora la llegada de una variante m\u00e1s avanzada que puede llegar al mercado el pr\u00f3ximo Nokia Atom Pro 2023. En detalle, las especificaciones del Nokia Atom Pro llevan una gran pantalla t\u00e1ctil capacitiva Super AMOLED de 6,9 pulgadas.<\/p>\n\n\n\n<p>Adem\u00e1s, este smartphone de Nokia viene con una resoluci\u00f3n 4K protegida por la protecci\u00f3n Corning Gorilla Glass 7. Adem\u00e1s, este smartphone tiene una pantalla con biseles con una relaci\u00f3n de aspecto alta de 21:9. En cuanto al sistema operativo, este dispositivo Nokia viene con Android 12. Bajo el cap\u00f3, el buque insignia de Nokia recibe energ\u00eda del chipset <a href=\"https:\/\/www.qualcomm.com\/products\/application\/smartphones\/snapdragon-8-series-mobile-platforms\/snapdragon-888-plus-5g-mobile-platform\" target=\"_blank\" rel=\"noreferrer noopener\">Qualcomm Snapdragon 888 Plus<\/a>. Adem\u00e1s, este smartphone tiene un esc\u00e1ner de huellas dactilares bajo la pantalla principal.<\/p><center><!-- \/69139267\/pricepony\/\/co\/\/middle-ad-desktop-1 -->\r\n<div id='div-gpt-ad-1497753531996-0' style='height:280px; width:336px;' class=\"dfp-slot-inline\">\r\n<script>\r\ngoogletag.cmd.push(function() { googletag.display('div-gpt-ad-1497753531996-0'); });\r\n<\/script>\r\n<\/div>\r\n\r\n<!-- \/69139267\/pricepony\/\/co\/\/middle-desktop-2 -->\r\n<div id='div-gpt-ad-1497753467527-0' style='height:280px; width:336px;' class=\"dfp-slot-inline\">\r\n<script>\r\ngoogletag.cmd.push(function() { googletag.display('div-gpt-ad-1497753467527-0'); });\r\n<\/script>\r\n<\/div><\/center><\/p>\n\n\n\n<p><\/p>\n\n\n\n<p><\/p>\n\n\n\n<div class=\"wp-block-image\"><figure class=\"aligncenter is-resized\"><img decoding=\"async\" loading=\"lazy\" src=\"data:image\/gif;base64,R0lGODlhAQABAIAAAAAAAP\/\/\/yH5BAEAAAAALAAAAAABAAEAAAIBRAA7\" data-src=\"https:\/\/www.pricepony.com.ph\/blog\/wp-content\/uploads\/2022\/02\/nokia-edge-2-1024x536-1.jpg\" alt=\"Nokia Atom Pro 2023\" width=\"477\" height=\"250\"\/ \/><\/figure><\/div>\n\n\n\n<p>Por otra parte, el dispositivo de Nokia hace alarde de 12 GB \/ 16 GB de RAM y 256 GB \/ 512 GB de almacenamiento incorporado. Este smartphone tambi\u00e9n ofrece una tarjeta MicroSD para ampliar el almacenamiento hasta 1TB. \u00bfQu\u00e9 tal la capacidad? Este smartphone mantiene las luces encendidas con una enorme caja de jugo de 8500mAh que soporta la tecnolog\u00eda de carga r\u00e1pida. En cuanto a la \u00f3ptica, la c\u00e1mara del Nokia Atom Pro cuenta con un objetivo primario de 108 MP, un sensor ultra-ancho de 64 MP y un sensor de profundidad de 8 MP con flash LED en la parte trasera. Por otro lado, hay un \u00fanico sensor frontal de 48MP para selfies. Adem\u00e1s, el tel\u00e9fono Nokia ofrece flash LED dual, OIS, HDR y panorama con el sistema de c\u00e1mara. Adem\u00e1s, este smartphone tiene un esc\u00e1ner de huellas dactilares bajo la pantalla principal. Otras opciones de conectividad son LTE, USB, Wi-fi, Bluetooth, NFC e incluso redes 5G.<\/p>\n\n\n\n<h3 class=\"wp-block-heading\">Fecha de lanzamiento y precio del Nokia Atom Pro 2023<\/h3>\n\n\n\n<p>Actualmente, la disponibilidad y el precio del Nokia Atom Pro a\u00fan no se han aprobado. Con suerte, la compa\u00f1\u00eda va a lanzar este dispositivo a principios de 2023. Adem\u00e1s, el precio del tel\u00e9fono Nokia deber\u00eda comenzar en 323 d\u00f3lares ~ 27.108 rupias. \u00bfQu\u00e9 es lo que m\u00e1s te gusta de este monstruo de Nokia? \u00a1Cu\u00e9ntanos tu opini\u00f3n a continuaci\u00f3n!<\/p>\n\n<div style=\"font-size: 0px; height: 0px; line-height: 0px; margin: 0; padding: 0; clear: both;\"><\/div><center><!-- \/69139267\/pricepony\/\/co\/\/bottom-ad-desktop -->\r\n<div id='div-gpt-ad-1497753376271-0' style='height:280px; width:336px;'>\r\n<script>\r\ngoogletag.cmd.push(function() { googletag.display('div-gpt-ad-1497753376271-0'); });\r\n<\/script>\r\n<\/div><\/center>","protected":false},"excerpt":{"rendered":"<p>Un nuevo tel\u00e9fono de Nokia va a llegar al mercado pronto con una enorme memoria RAM de 16GB y cuatro c\u00e1maras de 108MP. Conoce las especificaciones del Nokia Atom Pro 2023 a continuaci\u00f3n. Especificaciones del Nokia Atom Pro 2023 HMD Global comparte sus planes de lanzar una serie de tel\u00e9fonos inteligentes insignia con un aspecto [&hellip;]<\/p>\n","protected":false},"author":1,"featured_media":25796,"comment_status":"open","ping_status":"open","sticky":false,"template":"","format":"standard","meta":[],"categories":[7],"tags":[2631],"acf":[],"yoast_head":"<!-- This site is optimized with the Yoast SEO plugin v20.10 - https:\/\/yoast.com\/wordpress\/plugins\/seo\/ -->\n<title>Especificaciones del Nokia Atom Pro 2023: 16 GB de RAM y cuatro c\u00e1maras de 108 MP<\/title>\n<meta name=\"description\" content=\"Un nuevo tel\u00e9fono de Nokia va a llegar al mercado pronto con una enorme memoria RAM de 16GB y cuatro c\u00e1maras de 108MP. Conoce las especificaciones del Nokia Atom Pro 2023 a continuaci\u00f3n.\" \/>\n<meta name=\"robots\" content=\"index, follow, max-snippet:-1, max-image-preview:large, max-video-preview:-1\" \/>\n<link rel=\"canonical\" href=\"https:\/\/www.pricepony.co\/blog\/especificaciones-del-nokia-atom-pro-2023\/\" \/>\n<meta property=\"og:locale\" content=\"es_ES\" \/>\n<meta property=\"og:type\" content=\"article\" \/>\n<meta property=\"og:title\" content=\"Especificaciones del Nokia Atom Pro 2023: 16 GB de RAM y cuatro c\u00e1maras de 108 MP\" \/>\n<meta property=\"og:description\" content=\"Un nuevo tel\u00e9fono de Nokia va a llegar al mercado pronto con una enorme memoria RAM de 16GB y cuatro c\u00e1maras de 108MP. Conoce las especificaciones del Nokia Atom Pro 2023 a continuaci\u00f3n.\" \/>\n<meta property=\"og:url\" content=\"https:\/\/www.pricepony.co\/blog\/especificaciones-del-nokia-atom-pro-2023\/\" \/>\n<meta property=\"og:site_name\" content=\"Price Pony\" \/>\n<meta property=\"article:published_time\" content=\"2022-06-23T07:50:24+00:00\" \/>\n<meta property=\"article:modified_time\" content=\"2022-06-23T07:50:25+00:00\" \/>\n<meta property=\"og:image\" content=\"http:\/\/www.pricepony.co\/blog\/wp-content\/uploads\/2022\/06\/Nokia-XPlus-Prime-vs.-Samsung-Galaxy-S22-768x402-1.jpg\" \/>\n\t<meta property=\"og:image:width\" content=\"768\" \/>\n\t<meta property=\"og:image:height\" content=\"402\" \/>\n\t<meta property=\"og:image:type\" content=\"image\/jpeg\" \/>\n<meta name=\"author\" content=\"Chris Eilers\" \/>\n<meta name=\"twitter:card\" content=\"summary_large_image\" \/>\n<meta name=\"twitter:label1\" content=\"Written by\" \/>\n\t<meta name=\"twitter:data1\" content=\"Chris Eilers\" \/>\n\t<meta name=\"twitter:label2\" content=\"Est. reading time\" \/>\n\t<meta name=\"twitter:data2\" content=\"3 minutos\" \/>\n<script type=\"application\/ld+json\" class=\"yoast-schema-graph\">{\"@context\":\"https:\/\/schema.org\",\"@graph\":[{\"@type\":\"WebPage\",\"@id\":\"https:\/\/www.pricepony.co\/blog\/especificaciones-del-nokia-atom-pro-2023\/\",\"url\":\"https:\/\/www.pricepony.co\/blog\/especificaciones-del-nokia-atom-pro-2023\/\",\"name\":\"Especificaciones del Nokia Atom Pro 2023: 16 GB de RAM y cuatro c\u00e1maras de 108 MP\",\"isPartOf\":{\"@id\":\"https:\/\/www.pricepony.co\/blog\/#website\"},\"datePublished\":\"2022-06-23T07:50:24+00:00\",\"dateModified\":\"2022-06-23T07:50:25+00:00\",\"author\":{\"@id\":\"https:\/\/www.pricepony.co\/blog\/#\/schema\/person\/c338807e08d2e0642a2680633342a0b6\"},\"description\":\"Un nuevo tel\u00e9fono de Nokia va a llegar al mercado pronto con una enorme memoria RAM de 16GB y cuatro c\u00e1maras de 108MP. Conoce las especificaciones del Nokia Atom Pro 2023 a continuaci\u00f3n.\",\"breadcrumb\":{\"@id\":\"https:\/\/www.pricepony.co\/blog\/especificaciones-del-nokia-atom-pro-2023\/#breadcrumb\"},\"inLanguage\":\"es\",\"potentialAction\":[{\"@type\":\"ReadAction\",\"target\":[\"https:\/\/www.pricepony.co\/blog\/especificaciones-del-nokia-atom-pro-2023\/\"]}]},{\"@type\":\"BreadcrumbList\",\"@id\":\"https:\/\/www.pricepony.co\/blog\/especificaciones-del-nokia-atom-pro-2023\/#breadcrumb\",\"itemListElement\":[{\"@type\":\"ListItem\",\"position\":1,\"name\":\"Home\",\"item\":\"https:\/\/www.pricepony.co\/blog\/\"},{\"@type\":\"ListItem\",\"position\":2,\"name\":\"Especificaciones del Nokia Atom Pro 2023: 16 GB de RAM y cuatro c\u00e1maras de 108 MP\"}]},{\"@type\":\"WebSite\",\"@id\":\"https:\/\/www.pricepony.co\/blog\/#website\",\"url\":\"https:\/\/www.pricepony.co\/blog\/\",\"name\":\"Price Pony\",\"description\":\"www.pricepony.co\",\"potentialAction\":[{\"@type\":\"SearchAction\",\"target\":{\"@type\":\"EntryPoint\",\"urlTemplate\":\"https:\/\/www.pricepony.co\/blog\/?s={search_term_string}\"},\"query-input\":\"required name=search_term_string\"}],\"inLanguage\":\"es\"},{\"@type\":\"Person\",\"@id\":\"https:\/\/www.pricepony.co\/blog\/#\/schema\/person\/c338807e08d2e0642a2680633342a0b6\",\"name\":\"Chris Eilers\",\"image\":{\"@type\":\"ImageObject\",\"inLanguage\":\"es\",\"@id\":\"https:\/\/www.pricepony.co\/blog\/#\/schema\/person\/image\/\",\"url\":\"https:\/\/secure.gravatar.com\/avatar\/b0e7458ba85153c845f5f5e8fb3f7881?s=96&d=mm&r=g\",\"contentUrl\":\"https:\/\/secure.gravatar.com\/avatar\/b0e7458ba85153c845f5f5e8fb3f7881?s=96&d=mm&r=g\",\"caption\":\"Chris Eilers\"},\"description\":\"Chris is an experienced Digital Marketer and Growth Hacker with work experience in Mckinsey Germany and Rocket Internet Asia. He is the CEO of Oizoioi Malaysia and actively engaged in the Startup Scene in South East Asia.\",\"url\":\"https:\/\/www.pricepony.co\/blog\/author\/admin\/\"}]}<\/script>\n<!-- \/ Yoast SEO plugin. -->","yoast_head_json":{"title":"Especificaciones del Nokia Atom Pro 2023: 16 GB de RAM y cuatro c\u00e1maras de 108 MP","description":"Un nuevo tel\u00e9fono de Nokia va a llegar al mercado pronto con una enorme memoria RAM de 16GB y cuatro c\u00e1maras de 108MP. Conoce las especificaciones del Nokia Atom Pro 2023 a continuaci\u00f3n.","robots":{"index":"index","follow":"follow","max-snippet":"max-snippet:-1","max-image-preview":"max-image-preview:large","max-video-preview":"max-video-preview:-1"},"canonical":"https:\/\/www.pricepony.co\/blog\/especificaciones-del-nokia-atom-pro-2023\/","og_locale":"es_ES","og_type":"article","og_title":"Especificaciones del Nokia Atom Pro 2023: 16 GB de RAM y cuatro c\u00e1maras de 108 MP","og_description":"Un nuevo tel\u00e9fono de Nokia va a llegar al mercado pronto con una enorme memoria RAM de 16GB y cuatro c\u00e1maras de 108MP. Conoce las especificaciones del Nokia Atom Pro 2023 a continuaci\u00f3n.","og_url":"https:\/\/www.pricepony.co\/blog\/especificaciones-del-nokia-atom-pro-2023\/","og_site_name":"Price Pony","article_published_time":"2022-06-23T07:50:24+00:00","article_modified_time":"2022-06-23T07:50:25+00:00","og_image":[{"width":768,"height":402,"url":"http:\/\/www.pricepony.co\/blog\/wp-content\/uploads\/2022\/06\/Nokia-XPlus-Prime-vs.-Samsung-Galaxy-S22-768x402-1.jpg","type":"image\/jpeg"}],"author":"Chris Eilers","twitter_card":"summary_large_image","twitter_misc":{"Written by":"Chris Eilers","Est. reading time":"3 minutos"},"schema":{"@context":"https:\/\/schema.org","@graph":[{"@type":"WebPage","@id":"https:\/\/www.pricepony.co\/blog\/especificaciones-del-nokia-atom-pro-2023\/","url":"https:\/\/www.pricepony.co\/blog\/especificaciones-del-nokia-atom-pro-2023\/","name":"Especificaciones del Nokia Atom Pro 2023: 16 GB de RAM y cuatro c\u00e1maras de 108 MP","isPartOf":{"@id":"https:\/\/www.pricepony.co\/blog\/#website"},"datePublished":"2022-06-23T07:50:24+00:00","dateModified":"2022-06-23T07:50:25+00:00","author":{"@id":"https:\/\/www.pricepony.co\/blog\/#\/schema\/person\/c338807e08d2e0642a2680633342a0b6"},"description":"Un nuevo tel\u00e9fono de Nokia va a llegar al mercado pronto con una enorme memoria RAM de 16GB y cuatro c\u00e1maras de 108MP. Conoce las especificaciones del Nokia Atom Pro 2023 a continuaci\u00f3n.","breadcrumb":{"@id":"https:\/\/www.pricepony.co\/blog\/especificaciones-del-nokia-atom-pro-2023\/#breadcrumb"},"inLanguage":"es","potentialAction":[{"@type":"ReadAction","target":["https:\/\/www.pricepony.co\/blog\/especificaciones-del-nokia-atom-pro-2023\/"]}]},{"@type":"BreadcrumbList","@id":"https:\/\/www.pricepony.co\/blog\/especificaciones-del-nokia-atom-pro-2023\/#breadcrumb","itemListElement":[{"@type":"ListItem","position":1,"name":"Home","item":"https:\/\/www.pricepony.co\/blog\/"},{"@type":"ListItem","position":2,"name":"Especificaciones del Nokia Atom Pro 2023: 16 GB de RAM y cuatro c\u00e1maras de 108 MP"}]},{"@type":"WebSite","@id":"https:\/\/www.pricepony.co\/blog\/#website","url":"https:\/\/www.pricepony.co\/blog\/","name":"Price Pony","description":"www.pricepony.co","potentialAction":[{"@type":"SearchAction","target":{"@type":"EntryPoint","urlTemplate":"https:\/\/www.pricepony.co\/blog\/?s={search_term_string}"},"query-input":"required name=search_term_string"}],"inLanguage":"es"},{"@type":"Person","@id":"https:\/\/www.pricepony.co\/blog\/#\/schema\/person\/c338807e08d2e0642a2680633342a0b6","name":"Chris Eilers","image":{"@type":"ImageObject","inLanguage":"es","@id":"https:\/\/www.pricepony.co\/blog\/#\/schema\/person\/image\/","url":"https:\/\/secure.gravatar.com\/avatar\/b0e7458ba85153c845f5f5e8fb3f7881?s=96&d=mm&r=g","contentUrl":"https:\/\/secure.gravatar.com\/avatar\/b0e7458ba85153c845f5f5e8fb3f7881?s=96&d=mm&r=g","caption":"Chris Eilers"},"description":"Chris is an experienced Digital Marketer and Growth Hacker with work experience in Mckinsey Germany and Rocket Internet Asia. He is the CEO of Oizoioi Malaysia and actively engaged in the Startup Scene in South East Asia.","url":"https:\/\/www.pricepony.co\/blog\/author\/admin\/"}]}},"_links":{"self":[{"href":"https:\/\/www.pricepony.co\/blog\/wp-json\/wp\/v2\/posts\/25795"}],"collection":[{"href":"https:\/\/www.pricepony.co\/blog\/wp-json\/wp\/v2\/posts"}],"about":[{"href":"https:\/\/www.pricepony.co\/blog\/wp-json\/wp\/v2\/types\/post"}],"author":[{"embeddable":true,"href":"https:\/\/www.pricepony.co\/blog\/wp-json\/wp\/v2\/users\/1"}],"replies":[{"embeddable":true,"href":"https:\/\/www.pricepony.co\/blog\/wp-json\/wp\/v2\/comments?post=25795"}],"version-history":[{"count":0,"href":"https:\/\/www.pricepony.co\/blog\/wp-json\/wp\/v2\/posts\/25795\/revisions"}],"wp:featuredmedia":[{"embeddable":true,"href":"https:\/\/www.pricepony.co\/blog\/wp-json\/wp\/v2\/media\/25796"}],"wp:attachment":[{"href":"https:\/\/www.pricepony.co\/blog\/wp-json\/wp\/v2\/media?parent=25795"}],"wp:term":[{"taxonomy":"category","embeddable":true,"href":"https:\/\/www.pricepony.co\/blog\/wp-json\/wp\/v2\/categories?post=25795"},{"taxonomy":"post_tag","embeddable":true,"href":"https:\/\/www.pricepony.co\/blog\/wp-json\/wp\/v2\/tags?post=25795"}],"curies":[{"name":"wp","href":"https:\/\/api.w.org\/{rel}","templated":true}]}}