{"id":35313,"date":"2025-09-10T14:00:00","date_gmt":"2025-09-10T07:00:00","guid":{"rendered":"https:\/\/www.pricepony.co\/blog\/?p=35313"},"modified":"2025-09-11T02:01:05","modified_gmt":"2025-09-10T19:01:05","slug":"el-iphone-17-pro-y-el-pro-max","status":"publish","type":"post","link":"https:\/\/www.pricepony.co\/blog\/el-iphone-17-pro-y-el-pro-max\/","title":{"rendered":"El iPhone 17 Pro y el Pro Max se hacen oficiales con c\u00e1maras de 48 MP y 12 GB de RAM."},"content":{"rendered":"<div class=\"c7dbaaac4b7db479fbcf8dd8a0e17e48\" data-index=\"1\" style=\"float: none; margin:10px 0 10px 0; text-align:center;\">\n<!-- Top Banner PH NEW -->\r\n<ins class=\"adsbygoogle\"\r\n     style=\"display:inline-block;width:728px;height:90px\"\r\n     data-ad-client=\"ca-pub-4796993490224996\"\r\n     data-ad-slot=\"9195989669\"><\/ins>\r\n<script>(adsbygoogle = window.adsbygoogle || []).push({});<\/script>\n<\/div>\n\n<p><strong>La \u00faltima serie iPhone 17 ya es oficial, con un hardware fant\u00e1stico que incluye c\u00e1maras de 48 MP, 12 GB de RAM y un nuevo dise\u00f1o. \u00a1Descubre hoy mismo todos los detalles sobre el iPhone 17 Pro y el iPhone 17 Pro Max!<\/strong><\/p><center><!-- \/69139267\/pricepony\/\/co\/\/top-ad -->\r\n<div id='div-gpt-ad-1497747800626-0' style='height:90px; width:728px;'>\r\n<script>\r\ngoogletag.cmd.push(function() { googletag.display('div-gpt-ad-1497747800626-0'); });\r\n<\/script>\r\n<\/div><\/center><\/p>\n\n\n<div class=\"wp-block-image\">\n<figure class=\"aligncenter size-full is-resized\"><img decoding=\"async\" loading=\"lazy\" src=\"data:image\/gif;base64,R0lGODlhAQABAIAAAAAAAP\/\/\/yH5BAEAAAAALAAAAAABAAEAAAIBRAA7\" data-src=\"https:\/\/www.pricepony.co\/blog\/wp-content\/uploads\/2025\/09\/1_45.webp\" alt=\"El iPhone 17 Pro y el Pro Max se hacen oficiales con c\u00e1maras de 48 MP y 12 GB de RAM.\" class=\"wp-image-35315\" width=\"478\" height=\"250\"\/ \/><\/figure><\/div>\n\n\n<p><\/p>\n\n\n\n<h3 class=\"wp-block-heading\">El iPhone 17 Pro y el Pro Max ya son oficiales<\/h3>\n\n\n\n<p>Adem\u00e1s del iPhone Air, Apple ha presentado oficialmente la nueva gama iPhone 17. En este art\u00edculo, \u00bfpor qu\u00e9 no conocemos los dos tel\u00e9fonos Pro premium? En cuanto al dise\u00f1o, el nuevo iPhone cuenta con una nueva isla de c\u00e1maras en la parte trasera y opciones de color m\u00e1s bonitas. Adem\u00e1s, Apple ha decidido seguir adelante con el aluminio en lugar del titanio.<\/p>\n\n\n\n<p>Los dos Pro y Pro Max ahora vienen en tres opciones: plateado, azul y naranja c\u00f3smico. Adem\u00e1s, la pantalla tambi\u00e9n cuenta con la protecci\u00f3n Ceramic Shield 2. Tiene un revestimiento antirreflectante de 7 capas, que solemos ver en los smartphones Samsung Ultra. Profundicemos un poco m\u00e1s. Las especificaciones del iPhone 17 Pro incluyen una pantalla LTPO Super Retina XDR OLED de 6,3 pulgadas, mientras que el iPhone 17 Pro Max cuenta con una pantalla m\u00e1s grande de 6,9 pulgadas.<\/p><center><!-- \/69139267\/pricepony\/\/co\/\/middle-ad-desktop-1 -->\r\n<div id='div-gpt-ad-1497753531996-0' style='height:280px; width:336px;' class=\"dfp-slot-inline\">\r\n<script>\r\ngoogletag.cmd.push(function() { googletag.display('div-gpt-ad-1497753531996-0'); });\r\n<\/script>\r\n<\/div>\r\n\r\n<!-- \/69139267\/pricepony\/\/co\/\/middle-desktop-2 -->\r\n<div id='div-gpt-ad-1497753467527-0' style='height:280px; width:336px;' class=\"dfp-slot-inline\">\r\n<script>\r\ngoogletag.cmd.push(function() { googletag.display('div-gpt-ad-1497753467527-0'); });\r\n<\/script>\r\n<\/div><\/center><\/p>\n\n\n\n<p><\/p>\n\n\n<div class=\"wp-block-image\">\n<figure class=\"aligncenter size-full is-resized\"><img decoding=\"async\" loading=\"lazy\" src=\"data:image\/gif;base64,R0lGODlhAQABAIAAAAAAAP\/\/\/yH5BAEAAAAALAAAAAABAAEAAAIBRAA7\" data-src=\"https:\/\/www.pricepony.co\/blog\/wp-content\/uploads\/2025\/09\/iphone-17-pro-max-co-may-mau-xtmobile-2-1024x536-1.webp\" alt=\"El iPhone 17 Pro y el Pro Max se hacen oficiales con c\u00e1maras de 48 MP y 12 GB de RAM.\" class=\"wp-image-35314\" width=\"478\" height=\"250\"\/ \/><\/figure><\/div>\n\n\n<p>Bajo el cap\u00f3, ambos tel\u00e9fonos funcionan con el chipset Apple A19 Pro y la versi\u00f3n iSO 26. En cuanto al almacenamiento, el iPhone 17 Pro ofrece 12 GB de RAM y 256 GB\/512 GB\/1 TB de ROM. Adem\u00e1s, el tel\u00e9fono Pro Max comparte las mismas opciones, pero con un modelo adicional de 12 GB de RAM\/2 TB de ROM. Por otro lado, la c\u00e1mara del iPhone 17 Pro Max ahora cuenta con tres sensores traseros Fusion de 48 MP + 48 MP + 48 MP. Los usuarios ahora pueden archivar un zoom de c\u00e1mara teleobjetivo de 5x. En la parte delantera, tiene una \u00fanica lente Center Stage de 18 MP. Seg\u00fan la lista, la c\u00e1mara del iPhone 17 Pro tambi\u00e9n comparte la misma configuraci\u00f3n. Adem\u00e1s, utilizan el chip de red N1 dise\u00f1ado por Apple. Como resultado, son compatibles con Wi-Fi 7, Bluetooth 6 y Thread. Por \u00faltimo, pero no menos importante, el modelo Pro cuenta con una bater\u00eda de 3988 mAh, mientras que el Pro Max tiene una capacidad mayor, de 4832 mAh.<\/p>\n\n\n\n<h3 class=\"wp-block-heading\">Fecha de lanzamiento y precio del iPhone 17 Pro y Pro Max<\/h3>\n\n\n\n<p>Los usuarios podr\u00e1n adquirir la nueva serie iPhone 17 a partir del 19 de septiembre, y los pedidos por adelantado comenzar\u00e1n el d\u00eda 12. Adem\u00e1s, el iPhone 17 Pro tiene un precio a partir de 1099 $. Por su parte, el precio del iPhone 17 Pro Max comienza en 1199 $. \u00bfEst\u00e1s emocionado por el lanzamiento de la gama iPhone 17? \u00a1D\u00e9janos un comentario para hac\u00e9rnoslo saber!<\/p>\n\n<div style=\"font-size: 0px; height: 0px; line-height: 0px; margin: 0; padding: 0; clear: both;\"><\/div><center><!-- \/69139267\/pricepony\/\/co\/\/bottom-ad-desktop -->\r\n<div id='div-gpt-ad-1497753376271-0' style='height:280px; width:336px;'>\r\n<script>\r\ngoogletag.cmd.push(function() { googletag.display('div-gpt-ad-1497753376271-0'); });\r\n<\/script>\r\n<\/div><\/center>","protected":false},"excerpt":{"rendered":"<p>La \u00faltima serie iPhone 17 ya es oficial, con un hardware fant\u00e1stico que incluye c\u00e1maras de 48 MP, 12 GB de RAM y un nuevo dise\u00f1o. \u00a1Descubre hoy mismo todos los detalles sobre el iPhone 17 Pro y el iPhone 17 Pro Max! El iPhone 17 Pro y el Pro Max ya son oficiales Adem\u00e1s [&hellip;]<\/p>\n","protected":false},"author":1,"featured_media":35316,"comment_status":"open","ping_status":"open","sticky":false,"template":"","format":"standard","meta":[],"categories":[7],"tags":[],"acf":[],"yoast_head":"<!-- This site is optimized with the Yoast SEO plugin v20.10 - https:\/\/yoast.com\/wordpress\/plugins\/seo\/ -->\n<title>El iPhone 17 Pro y el Pro Max se hacen oficiales con c\u00e1maras de 48 MP y 12 GB de RAM.<\/title>\n<meta name=\"description\" content=\"La \u00faltima serie iPhone 17 ya es oficial, con un hardware fant\u00e1stico que incluye c\u00e1maras de 48 MP, 12 GB de RAM y un nuevo dise\u00f1o. \u00a1Descubre hoy mismo todos los detalles sobre el iPhone 17 Pro y el iPhone 17 Pro Max!\" \/>\n<meta name=\"robots\" content=\"index, follow, max-snippet:-1, max-image-preview:large, max-video-preview:-1\" \/>\n<link rel=\"canonical\" href=\"https:\/\/www.pricepony.co\/blog\/el-iphone-17-pro-y-el-pro-max\/\" \/>\n<meta property=\"og:locale\" content=\"es_ES\" \/>\n<meta property=\"og:type\" content=\"article\" \/>\n<meta property=\"og:title\" content=\"El iPhone 17 Pro y el Pro Max se hacen oficiales con c\u00e1maras de 48 MP y 12 GB de RAM.\" \/>\n<meta property=\"og:description\" content=\"La \u00faltima serie iPhone 17 ya es oficial, con un hardware fant\u00e1stico que incluye c\u00e1maras de 48 MP, 12 GB de RAM y un nuevo dise\u00f1o. \u00a1Descubre hoy mismo todos los detalles sobre el iPhone 17 Pro y el iPhone 17 Pro Max!\" \/>\n<meta property=\"og:url\" content=\"https:\/\/www.pricepony.co\/blog\/el-iphone-17-pro-y-el-pro-max\/\" \/>\n<meta property=\"og:site_name\" content=\"Price Pony\" \/>\n<meta property=\"article:published_time\" content=\"2025-09-10T07:00:00+00:00\" \/>\n<meta property=\"article:modified_time\" content=\"2025-09-10T19:01:05+00:00\" \/>\n<meta property=\"og:image\" content=\"https:\/\/www.pricepony.co\/blog\/wp-content\/uploads\/2025\/09\/hq720.jpg\" \/>\n\t<meta property=\"og:image:width\" content=\"686\" \/>\n\t<meta property=\"og:image:height\" content=\"386\" \/>\n\t<meta property=\"og:image:type\" content=\"image\/jpeg\" \/>\n<meta name=\"author\" content=\"Chris Eilers\" \/>\n<meta name=\"twitter:card\" content=\"summary_large_image\" \/>\n<meta name=\"twitter:label1\" content=\"Written by\" \/>\n\t<meta name=\"twitter:data1\" content=\"Chris Eilers\" \/>\n\t<meta name=\"twitter:label2\" content=\"Est. reading time\" \/>\n\t<meta name=\"twitter:data2\" content=\"3 minutos\" \/>\n<script type=\"application\/ld+json\" class=\"yoast-schema-graph\">{\"@context\":\"https:\/\/schema.org\",\"@graph\":[{\"@type\":\"WebPage\",\"@id\":\"https:\/\/www.pricepony.co\/blog\/el-iphone-17-pro-y-el-pro-max\/\",\"url\":\"https:\/\/www.pricepony.co\/blog\/el-iphone-17-pro-y-el-pro-max\/\",\"name\":\"El iPhone 17 Pro y el Pro Max se hacen oficiales con c\u00e1maras de 48 MP y 12 GB de RAM.\",\"isPartOf\":{\"@id\":\"https:\/\/www.pricepony.co\/blog\/#website\"},\"datePublished\":\"2025-09-10T07:00:00+00:00\",\"dateModified\":\"2025-09-10T19:01:05+00:00\",\"author\":{\"@id\":\"https:\/\/www.pricepony.co\/blog\/#\/schema\/person\/c338807e08d2e0642a2680633342a0b6\"},\"description\":\"La \u00faltima serie iPhone 17 ya es oficial, con un hardware fant\u00e1stico que incluye c\u00e1maras de 48 MP, 12 GB de RAM y un nuevo dise\u00f1o. \u00a1Descubre hoy mismo todos los detalles sobre el iPhone 17 Pro y el iPhone 17 Pro Max!\",\"breadcrumb\":{\"@id\":\"https:\/\/www.pricepony.co\/blog\/el-iphone-17-pro-y-el-pro-max\/#breadcrumb\"},\"inLanguage\":\"es\",\"potentialAction\":[{\"@type\":\"ReadAction\",\"target\":[\"https:\/\/www.pricepony.co\/blog\/el-iphone-17-pro-y-el-pro-max\/\"]}]},{\"@type\":\"BreadcrumbList\",\"@id\":\"https:\/\/www.pricepony.co\/blog\/el-iphone-17-pro-y-el-pro-max\/#breadcrumb\",\"itemListElement\":[{\"@type\":\"ListItem\",\"position\":1,\"name\":\"Home\",\"item\":\"https:\/\/www.pricepony.co\/blog\/\"},{\"@type\":\"ListItem\",\"position\":2,\"name\":\"El iPhone 17 Pro y el Pro Max se hacen oficiales con c\u00e1maras de 48 MP y 12 GB de RAM.\"}]},{\"@type\":\"WebSite\",\"@id\":\"https:\/\/www.pricepony.co\/blog\/#website\",\"url\":\"https:\/\/www.pricepony.co\/blog\/\",\"name\":\"Price Pony\",\"description\":\"www.pricepony.co\",\"potentialAction\":[{\"@type\":\"SearchAction\",\"target\":{\"@type\":\"EntryPoint\",\"urlTemplate\":\"https:\/\/www.pricepony.co\/blog\/?s={search_term_string}\"},\"query-input\":\"required name=search_term_string\"}],\"inLanguage\":\"es\"},{\"@type\":\"Person\",\"@id\":\"https:\/\/www.pricepony.co\/blog\/#\/schema\/person\/c338807e08d2e0642a2680633342a0b6\",\"name\":\"Chris Eilers\",\"image\":{\"@type\":\"ImageObject\",\"inLanguage\":\"es\",\"@id\":\"https:\/\/www.pricepony.co\/blog\/#\/schema\/person\/image\/\",\"url\":\"https:\/\/secure.gravatar.com\/avatar\/b0e7458ba85153c845f5f5e8fb3f7881?s=96&d=mm&r=g\",\"contentUrl\":\"https:\/\/secure.gravatar.com\/avatar\/b0e7458ba85153c845f5f5e8fb3f7881?s=96&d=mm&r=g\",\"caption\":\"Chris Eilers\"},\"description\":\"Chris is an experienced Digital Marketer and Growth Hacker with work experience in Mckinsey Germany and Rocket Internet Asia. He is the CEO of Oizoioi Malaysia and actively engaged in the Startup Scene in South East Asia.\",\"url\":\"https:\/\/www.pricepony.co\/blog\/author\/admin\/\"}]}<\/script>\n<!-- \/ Yoast SEO plugin. -->","yoast_head_json":{"title":"El iPhone 17 Pro y el Pro Max se hacen oficiales con c\u00e1maras de 48 MP y 12 GB de RAM.","description":"La \u00faltima serie iPhone 17 ya es oficial, con un hardware fant\u00e1stico que incluye c\u00e1maras de 48 MP, 12 GB de RAM y un nuevo dise\u00f1o. \u00a1Descubre hoy mismo todos los detalles sobre el iPhone 17 Pro y el iPhone 17 Pro Max!","robots":{"index":"index","follow":"follow","max-snippet":"max-snippet:-1","max-image-preview":"max-image-preview:large","max-video-preview":"max-video-preview:-1"},"canonical":"https:\/\/www.pricepony.co\/blog\/el-iphone-17-pro-y-el-pro-max\/","og_locale":"es_ES","og_type":"article","og_title":"El iPhone 17 Pro y el Pro Max se hacen oficiales con c\u00e1maras de 48 MP y 12 GB de RAM.","og_description":"La \u00faltima serie iPhone 17 ya es oficial, con un hardware fant\u00e1stico que incluye c\u00e1maras de 48 MP, 12 GB de RAM y un nuevo dise\u00f1o. \u00a1Descubre hoy mismo todos los detalles sobre el iPhone 17 Pro y el iPhone 17 Pro Max!","og_url":"https:\/\/www.pricepony.co\/blog\/el-iphone-17-pro-y-el-pro-max\/","og_site_name":"Price Pony","article_published_time":"2025-09-10T07:00:00+00:00","article_modified_time":"2025-09-10T19:01:05+00:00","og_image":[{"width":686,"height":386,"url":"https:\/\/www.pricepony.co\/blog\/wp-content\/uploads\/2025\/09\/hq720.jpg","type":"image\/jpeg"}],"author":"Chris Eilers","twitter_card":"summary_large_image","twitter_misc":{"Written by":"Chris Eilers","Est. reading time":"3 minutos"},"schema":{"@context":"https:\/\/schema.org","@graph":[{"@type":"WebPage","@id":"https:\/\/www.pricepony.co\/blog\/el-iphone-17-pro-y-el-pro-max\/","url":"https:\/\/www.pricepony.co\/blog\/el-iphone-17-pro-y-el-pro-max\/","name":"El iPhone 17 Pro y el Pro Max se hacen oficiales con c\u00e1maras de 48 MP y 12 GB de RAM.","isPartOf":{"@id":"https:\/\/www.pricepony.co\/blog\/#website"},"datePublished":"2025-09-10T07:00:00+00:00","dateModified":"2025-09-10T19:01:05+00:00","author":{"@id":"https:\/\/www.pricepony.co\/blog\/#\/schema\/person\/c338807e08d2e0642a2680633342a0b6"},"description":"La \u00faltima serie iPhone 17 ya es oficial, con un hardware fant\u00e1stico que incluye c\u00e1maras de 48 MP, 12 GB de RAM y un nuevo dise\u00f1o. \u00a1Descubre hoy mismo todos los detalles sobre el iPhone 17 Pro y el iPhone 17 Pro Max!","breadcrumb":{"@id":"https:\/\/www.pricepony.co\/blog\/el-iphone-17-pro-y-el-pro-max\/#breadcrumb"},"inLanguage":"es","potentialAction":[{"@type":"ReadAction","target":["https:\/\/www.pricepony.co\/blog\/el-iphone-17-pro-y-el-pro-max\/"]}]},{"@type":"BreadcrumbList","@id":"https:\/\/www.pricepony.co\/blog\/el-iphone-17-pro-y-el-pro-max\/#breadcrumb","itemListElement":[{"@type":"ListItem","position":1,"name":"Home","item":"https:\/\/www.pricepony.co\/blog\/"},{"@type":"ListItem","position":2,"name":"El iPhone 17 Pro y el Pro Max se hacen oficiales con c\u00e1maras de 48 MP y 12 GB de RAM."}]},{"@type":"WebSite","@id":"https:\/\/www.pricepony.co\/blog\/#website","url":"https:\/\/www.pricepony.co\/blog\/","name":"Price Pony","description":"www.pricepony.co","potentialAction":[{"@type":"SearchAction","target":{"@type":"EntryPoint","urlTemplate":"https:\/\/www.pricepony.co\/blog\/?s={search_term_string}"},"query-input":"required name=search_term_string"}],"inLanguage":"es"},{"@type":"Person","@id":"https:\/\/www.pricepony.co\/blog\/#\/schema\/person\/c338807e08d2e0642a2680633342a0b6","name":"Chris Eilers","image":{"@type":"ImageObject","inLanguage":"es","@id":"https:\/\/www.pricepony.co\/blog\/#\/schema\/person\/image\/","url":"https:\/\/secure.gravatar.com\/avatar\/b0e7458ba85153c845f5f5e8fb3f7881?s=96&d=mm&r=g","contentUrl":"https:\/\/secure.gravatar.com\/avatar\/b0e7458ba85153c845f5f5e8fb3f7881?s=96&d=mm&r=g","caption":"Chris Eilers"},"description":"Chris is an experienced Digital Marketer and Growth Hacker with work experience in Mckinsey Germany and Rocket Internet Asia. He is the CEO of Oizoioi Malaysia and actively engaged in the Startup Scene in South East Asia.","url":"https:\/\/www.pricepony.co\/blog\/author\/admin\/"}]}},"_links":{"self":[{"href":"https:\/\/www.pricepony.co\/blog\/wp-json\/wp\/v2\/posts\/35313"}],"collection":[{"href":"https:\/\/www.pricepony.co\/blog\/wp-json\/wp\/v2\/posts"}],"about":[{"href":"https:\/\/www.pricepony.co\/blog\/wp-json\/wp\/v2\/types\/post"}],"author":[{"embeddable":true,"href":"https:\/\/www.pricepony.co\/blog\/wp-json\/wp\/v2\/users\/1"}],"replies":[{"embeddable":true,"href":"https:\/\/www.pricepony.co\/blog\/wp-json\/wp\/v2\/comments?post=35313"}],"version-history":[{"count":1,"href":"https:\/\/www.pricepony.co\/blog\/wp-json\/wp\/v2\/posts\/35313\/revisions"}],"predecessor-version":[{"id":35317,"href":"https:\/\/www.pricepony.co\/blog\/wp-json\/wp\/v2\/posts\/35313\/revisions\/35317"}],"wp:featuredmedia":[{"embeddable":true,"href":"https:\/\/www.pricepony.co\/blog\/wp-json\/wp\/v2\/media\/35316"}],"wp:attachment":[{"href":"https:\/\/www.pricepony.co\/blog\/wp-json\/wp\/v2\/media?parent=35313"}],"wp:term":[{"taxonomy":"category","embeddable":true,"href":"https:\/\/www.pricepony.co\/blog\/wp-json\/wp\/v2\/categories?post=35313"},{"taxonomy":"post_tag","embeddable":true,"href":"https:\/\/www.pricepony.co\/blog\/wp-json\/wp\/v2\/tags?post=35313"}],"curies":[{"name":"wp","href":"https:\/\/api.w.org\/{rel}","templated":true}]}}